{"id":47042,"date":"2025-08-22T02:05:08","date_gmt":"2025-08-22T00:05:08","guid":{"rendered":"https:\/\/www.toyotomi.eu\/news\/porque-escolher-portable-air-conditioners\/"},"modified":"2026-01-22T03:24:45","modified_gmt":"2026-01-22T02:24:45","slug":"porque-escolher-portable-air-conditioners","status":"publish","type":"post","link":"https:\/\/www.toyotomi.eu\/pt\/blogue\/porque-escolher-portable-air-conditioners\/","title":{"rendered":"Como Manter um Quarto Fresco Sem Ar Condicionado"},"content":{"rendered":"\n<h2 class=\"wp-block-heading\">Solu\u00e7\u00f5es Pr\u00e1ticas de Arrefecimento para Casas Sem Ar Condicionado Instalado<\/h2>\n\n<p>Durante o ver\u00e3o, muitas casas em toda a Europa tornam-se rapidamente desconfort\u00e1veis. Os quartos ret\u00eam o calor durante a noite, as salas de estar ficam abafadas ao meio-dia e trabalhar a partir de casa torna-se cada vez mais dif\u00edcil. Isto \u00e9 especialmente comum em apartamentos, edif\u00edcios mais antigos ou propriedades alugadas onde o Ar Condicionado fixo ou split n\u00e3o est\u00e1 instalado.  <\/p>\n\n<p>Manter um quarto fresco sem Ar Condicionado requer frequentemente uma combina\u00e7\u00e3o de h\u00e1bitos inteligentes, gest\u00e3o do fluxo de ar e controlo do calor. Este guia explica como o calor se acumula no interior, o que pode realisticamente fazer para o reduzir e quando o Ar Condicionado port\u00e1til se torna a solu\u00e7\u00e3o mais eficaz para manter o conforto. <\/p>\n\n<div class=\"wp-block-essential-blocks-wrapper  root-eb-wrapper-b7fid\"><div class=\"eb-parent-wrapper eb-parent-eb-wrapper-b7fid \"><div class=\"eb-wrapper-outer eb-wrapper-b7fid\"><div class=\"eb-wrapper-inner\"><div class=\"eb-wrapper-inner-blocks eb-wrapper-align-center\">\n<div class=\"wp-block-essential-blocks-row alignfull  root-eb-row-tew7p\"><div class=\"eb-parent-wrapper eb-parent-eb-row-tew7p \"><div class=\"eb-row-root-container eb-row-tew7p\" data-id=\"eb-row-tew7p\"><div class=\"eb-row-wrapper\"><div class=\"eb-row-inner\">\n<div class=\"wp-block-essential-blocks-column  root-eb-column-ytsvd\"><div class=\"eb-parent-wrapper eb-parent-eb-column-ytsvd \"><div class=\"eb-column-wrapper eb-column-ytsvd\"><div class=\"eb-column-inner\">\n<div class=\"wp-block-cover is-light\" style=\"border-top-left-radius:10px;border-top-right-radius:10px;border-bottom-left-radius:10px;border-bottom-right-radius:10px;min-height:550px;aspect-ratio:unset;\"><img loading=\"lazy\" decoding=\"async\" width=\"1920\" height=\"1280\" class=\"wp-block-cover__image-background wp-image-30350 size-full\" alt=\"\" src=\"https:\/\/www.toyotomi.eu\/wp-content\/uploads\/2025\/09\/Portable-air-conditioners-toyotomi-europe.jpg\" style=\"object-position:50% 30%\" data-object-fit=\"cover\" data-object-position=\"50% 30%\" srcset=\"https:\/\/www.toyotomi.eu\/wp-content\/uploads\/2025\/09\/Portable-air-conditioners-toyotomi-europe.jpg 1920w, https:\/\/www.toyotomi.eu\/wp-content\/uploads\/2025\/09\/Portable-air-conditioners-toyotomi-europe-768x512.jpg 768w, https:\/\/www.toyotomi.eu\/wp-content\/uploads\/2025\/09\/Portable-air-conditioners-toyotomi-europe-1536x1024.jpg 1536w, https:\/\/www.toyotomi.eu\/wp-content\/uploads\/2025\/09\/Portable-air-conditioners-toyotomi-europe-990x660.jpg 990w, https:\/\/www.toyotomi.eu\/wp-content\/uploads\/2025\/09\/Portable-air-conditioners-toyotomi-europe-441x294.jpg 441w, https:\/\/www.toyotomi.eu\/wp-content\/uploads\/2025\/09\/Portable-air-conditioners-toyotomi-europe-150x100.jpg 150w\" sizes=\"auto, (max-width: 1920px) 100vw, 1920px\" \/><span aria-hidden=\"true\" class=\"wp-block-cover__background has-background-dim-0 has-background-dim\" style=\"background-color:#a6b8c3\"><\/span><div class=\"wp-block-cover__inner-container has-global-padding is-layout-constrained wp-block-cover-is-layout-constrained\">\n<p class=\"has-text-align-center has-large-font-size\"><\/p>\n<\/div><\/div>\n<\/div><\/div><\/div><\/div>\n<\/div><\/div><\/div><\/div><\/div>\n<\/div><\/div><\/div><\/div><\/div>\n\n<h2 class=\"wp-block-heading\">Por Que \u00c9 Que os Quartos Aquecem T\u00e3o Facilmente?<\/h2>\n\n<p>Os espa\u00e7os interiores aquecem mais depressa do que muitas pessoas esperam. A luz solar que entra pelas janelas, o ar quente do exterior, a ventila\u00e7\u00e3o limitada e as atividades quotidianas contribuem para o aumento das temperaturas interiores. Uma vez que o calor fica preso no interior, pode ser dif\u00edcil remov\u00ea-lo sem arrefecimento ativo, especialmente durante per\u00edodos prolongados de temperaturas exteriores elevadas.  <\/p>\n\n<p>As raz\u00f5es comuns para o sobreaquecimento dos quartos incluem:<\/p>\n\n<ul class=\"wp-block-list\">\n<li>Luz solar direta atrav\u00e9s das janelas<\/li>\n\n\n\n<li>M\u00e1 ventila\u00e7\u00e3o noturna<\/li>\n\n\n\n<li>Calor proveniente da cozinha e dos eletrodom\u00e9sticos<\/li>\n\n\n\n<li>Ar quente a ficar preso em edif\u00edcios selados<\/li>\n\n\n\n<li>Falta de sistemas de arrefecimento instalados<\/li>\n<\/ul>\n\n<h2 class=\"wp-block-heading\">Como o Calor Se Acumula no Interior<\/h2>\n\n<p>O ar quente sobe naturalmente e fica preso no interior dos quartos, particularmente em edif\u00edcios concebidos para reter o calor para a efici\u00eancia no inverno. Durante o ver\u00e3o, este isolamento funciona contra o conforto, impedindo que o excesso de calor escape. As janelas, as paredes e os telhados absorvem o calor durante o dia e libertam-no lentamente para o quarto at\u00e9 \u00e0 noite. Sem fluxo de ar ou arrefecimento suficiente, as temperaturas permanecem elevadas durante a noite, afetando o sono e o conforto geral.   <\/p>\n\n<h2 class=\"wp-block-heading\">Formas R\u00e1pidas de Manter um Quarto Fresco Sem Equipamento<\/h2>\n\n<p>Existem v\u00e1rias medidas que podem ajudar a reduzir as temperaturas interiores, particularmente durante o tempo ameno ou moderado de ver\u00e3o.<\/p>\n\n<h3 class=\"wp-block-heading\">Reduzir a Entrada de Calor no Quarto<\/h3>\n\n<ul class=\"wp-block-list\">\n<li>Fechar as cortinas ou persianas durante a parte mais quente do dia<\/li>\n\n\n\n<li>Utilizar revestimentos de janelas refletivos ou opacos, sempre que poss\u00edvel<\/li>\n\n\n\n<li>Manter as janelas fechadas quando as temperaturas exteriores s\u00e3o superiores \u00e0s interiores<\/li>\n<\/ul>\n\n<h3 class=\"wp-block-heading\">Melhorar a Ventila\u00e7\u00e3o<\/h3>\n\n<ul class=\"wp-block-list\">\n<li>Ventilar de manh\u00e3 cedo e tarde da noite, quando o ar est\u00e1 mais fresco<\/li>\n\n\n\n<li>Criar ventila\u00e7\u00e3o cruzada abrindo janelas em lados opostos da casa<\/li>\n\n\n\n<li>Utilizar ventoinhas para apoiar o fluxo de ar e reduzir o ar estagnado<\/li>\n<\/ul>\n\n<h3 class=\"wp-block-heading\">Limitar as Fontes de Calor Interiores<\/h3>\n\n<ul class=\"wp-block-list\">\n<li>Evitar cozinhar durante as horas de maior calor<\/li>\n\n\n\n<li>Reduzir a utiliza\u00e7\u00e3o de eletrodom\u00e9sticos que geram calor<\/li>\n\n\n\n<li>Desligar os aparelhos eletr\u00f3nicos e a ilumina\u00e7\u00e3o desnecess\u00e1rios<\/li>\n<\/ul>\n\n<p>Estes m\u00e9todos podem melhorar notavelmente o conforto, mas s\u00e3o frequentemente limitados durante as ondas de calor ou em quartos que recebem forte exposi\u00e7\u00e3o solar.<\/p>\n\n<div class=\"wp-block-essential-blocks-wrapper  root-eb-wrapper-kjphl\"><div class=\"eb-parent-wrapper eb-parent-eb-wrapper-kjphl \"><div class=\"eb-wrapper-outer eb-wrapper-kjphl\"><div class=\"eb-wrapper-inner\"><div class=\"eb-wrapper-inner-blocks eb-wrapper-align-center\">\n<div class=\"wp-block-essential-blocks-row alignfull  root-eb-row-fvz5d\"><div class=\"eb-parent-wrapper eb-parent-eb-row-fvz5d \"><div class=\"eb-row-root-container eb-row-fvz5d\" data-id=\"eb-row-fvz5d\"><div class=\"eb-row-wrapper\"><div class=\"eb-row-inner\">\n<div class=\"wp-block-essential-blocks-column  root-eb-column-a7wcn\"><div class=\"eb-parent-wrapper eb-parent-eb-column-a7wcn \"><div class=\"eb-column-wrapper eb-column-a7wcn\"><div class=\"eb-column-inner\">\n<div class=\"wp-block-cover is-light\" style=\"border-top-left-radius:10px;border-top-right-radius:10px;border-bottom-left-radius:10px;border-bottom-right-radius:10px;min-height:550px;aspect-ratio:unset;\"><img loading=\"lazy\" decoding=\"async\" width=\"2048\" height=\"1378\" class=\"wp-block-cover__image-background wp-image-58108 size-full\" alt=\"\" src=\"https:\/\/www.toyotomi.eu\/wp-content\/uploads\/2025\/08\/Toyotomi-Air-Treatment-Banner.jpg\" data-object-fit=\"cover\" srcset=\"https:\/\/www.toyotomi.eu\/wp-content\/uploads\/2025\/08\/Toyotomi-Air-Treatment-Banner.jpg 2048w, https:\/\/www.toyotomi.eu\/wp-content\/uploads\/2025\/08\/Toyotomi-Air-Treatment-Banner-1024x689.jpg 1024w, https:\/\/www.toyotomi.eu\/wp-content\/uploads\/2025\/08\/Toyotomi-Air-Treatment-Banner-1920x1292.jpg 1920w, https:\/\/www.toyotomi.eu\/wp-content\/uploads\/2025\/08\/Toyotomi-Air-Treatment-Banner-768x517.jpg 768w, https:\/\/www.toyotomi.eu\/wp-content\/uploads\/2025\/08\/Toyotomi-Air-Treatment-Banner-1536x1034.jpg 1536w, https:\/\/www.toyotomi.eu\/wp-content\/uploads\/2025\/08\/Toyotomi-Air-Treatment-Banner-990x666.jpg 990w, https:\/\/www.toyotomi.eu\/wp-content\/uploads\/2025\/08\/Toyotomi-Air-Treatment-Banner-441x297.jpg 441w, https:\/\/www.toyotomi.eu\/wp-content\/uploads\/2025\/08\/Toyotomi-Air-Treatment-Banner-150x101.jpg 150w\" sizes=\"auto, (max-width: 2048px) 100vw, 2048px\" \/><span aria-hidden=\"true\" class=\"wp-block-cover__background has-background-dim-0 has-background-dim\" style=\"background-color:#b2aaa5\"><\/span><div class=\"wp-block-cover__inner-container has-global-padding is-layout-constrained wp-block-cover-is-layout-constrained\">\n<p class=\"has-text-align-center has-large-font-size\"><\/p>\n<\/div><\/div>\n<\/div><\/div><\/div><\/div>\n<\/div><\/div><\/div><\/div><\/div>\n<\/div><\/div><\/div><\/div><\/div>\n\n<h2 class=\"wp-block-heading\">As Limita\u00e7\u00f5es do Arrefecimento Sem Ar Condicionado<\/h2>\n\n<p>Embora as ventoinhas e a ventila\u00e7\u00e3o melhorem o fluxo de ar, n\u00e3o reduzem a temperatura real do ar. Durante os dias muito quentes ou as noites quentes, o ar exterior pode permanecer demasiado quente para proporcionar um arrefecimento significativo. <\/p>\n\n<p>Em ambientes urbanos, apartamentos nos andares superiores e edif\u00edcios bem isolados, os m\u00e9todos de arrefecimento passivo atingem frequentemente os seus limites rapidamente. Quando o calor permanece preso no interior durante dias a fio, manter uma temperatura confort\u00e1vel torna-se cada vez mais dif\u00edcil. <\/p>\n\n<h2 class=\"wp-block-heading\">Quando o Ar Condicionado Port\u00e1til Se Torna a Melhor Solu\u00e7\u00e3o<\/h2>\n\n<p>Em muitas casas, \u201csem Ar Condicionado\u201d significa sem sistemas fixos ou split. Nestas situa\u00e7\u00f5es, os aparelhos de ar condicionado port\u00e1teis oferecem uma forma eficaz de arrefecer ativamente um quarto sem instala\u00e7\u00e3o permanente. <\/p>\n\n<p>Os aparelhos de ar condicionado port\u00e1teis removem o ar quente do quarto e expelem-no para o exterior, baixando a temperatura interior real em vez de simplesmente fazer circular o ar. Isto torna-os particularmente eficazes durante ondas de calor prolongadas, em quartos \u00e0 noite ou em espa\u00e7os onde a ventila\u00e7\u00e3o por si s\u00f3 n\u00e3o \u00e9 suficiente. Como n\u00e3o requerem altera\u00e7\u00f5es estruturais, os aparelhos de ar condicionado port\u00e1teis s\u00e3o ideais para propriedades alugadas, espa\u00e7os de vida tempor\u00e1rios e casas onde a flexibilidade \u00e9 importante. Proporcionam um arrefecimento direcionado, quarto a quarto, exatamente onde \u00e9 necess\u00e1rio.   <\/p>\n\n<div class=\"wp-block-essential-blocks-wrapper  root-eb-wrapper-uu4tk\"><div class=\"eb-parent-wrapper eb-parent-eb-wrapper-uu4tk \"><div class=\"eb-wrapper-outer eb-wrapper-uu4tk\"><div class=\"eb-wrapper-inner\"><div class=\"eb-wrapper-inner-blocks eb-wrapper-align-center\">\n<div class=\"wp-block-essential-blocks-row alignfull  root-eb-row-6l8cq\"><div class=\"eb-parent-wrapper eb-parent-eb-row-6l8cq \"><div class=\"eb-row-root-container eb-row-6l8cq\" data-id=\"eb-row-6l8cq\"><div class=\"eb-row-wrapper\"><div class=\"eb-row-inner\">\n<div class=\"wp-block-essential-blocks-column  root-eb-column-pvgur\"><div class=\"eb-parent-wrapper eb-parent-eb-column-pvgur \"><div class=\"eb-column-wrapper eb-column-pvgur\"><div class=\"eb-column-inner\">\n<div class=\"wp-block-cover is-light\" style=\"border-top-left-radius:10px;border-top-right-radius:10px;border-bottom-left-radius:10px;border-bottom-right-radius:10px;min-height:550px;aspect-ratio:unset;\"><img loading=\"lazy\" decoding=\"async\" width=\"1920\" height=\"1280\" class=\"wp-block-cover__image-background wp-image-30350 size-full\" alt=\"\" src=\"https:\/\/www.toyotomi.eu\/wp-content\/uploads\/2025\/09\/Portable-air-conditioners-toyotomi-europe.jpg\" data-object-fit=\"cover\" srcset=\"https:\/\/www.toyotomi.eu\/wp-content\/uploads\/2025\/09\/Portable-air-conditioners-toyotomi-europe.jpg 1920w, https:\/\/www.toyotomi.eu\/wp-content\/uploads\/2025\/09\/Portable-air-conditioners-toyotomi-europe-768x512.jpg 768w, https:\/\/www.toyotomi.eu\/wp-content\/uploads\/2025\/09\/Portable-air-conditioners-toyotomi-europe-1536x1024.jpg 1536w, https:\/\/www.toyotomi.eu\/wp-content\/uploads\/2025\/09\/Portable-air-conditioners-toyotomi-europe-990x660.jpg 990w, https:\/\/www.toyotomi.eu\/wp-content\/uploads\/2025\/09\/Portable-air-conditioners-toyotomi-europe-441x294.jpg 441w, https:\/\/www.toyotomi.eu\/wp-content\/uploads\/2025\/09\/Portable-air-conditioners-toyotomi-europe-150x100.jpg 150w\" sizes=\"auto, (max-width: 1920px) 100vw, 1920px\" \/><span aria-hidden=\"true\" class=\"wp-block-cover__background has-background-dim-0 has-background-dim\" style=\"background-color:#a6b8c3\"><\/span><div class=\"wp-block-cover__inner-container has-global-padding is-layout-constrained wp-block-cover-is-layout-constrained\">\n<p class=\"has-text-align-center has-large-font-size\"><\/p>\n<\/div><\/div>\n<\/div><\/div><\/div><\/div>\n<\/div><\/div><\/div><\/div><\/div>\n<\/div><\/div><\/div><\/div><\/div>\n\n<h2 class=\"wp-block-heading\">Escolher a Abordagem de Arrefecimento Certa para a Sua Casa<\/h2>\n\n<p>Manter um quarto fresco sem Ar Condicionado instalado envolve frequentemente a combina\u00e7\u00e3o de v\u00e1rias estrat\u00e9gias. A sombra, a ventila\u00e7\u00e3o e a redu\u00e7\u00e3o das fontes de calor internas podem melhorar significativamente o conforto durante condi\u00e7\u00f5es mais amenas. <\/p>\n\n<p>Quando as temperaturas permanecem consistentemente elevadas, os aparelhos de ar condicionado port\u00e1teis proporcionam a solu\u00e7\u00e3o mais fi\u00e1vel para manter ambientes interiores confort\u00e1veis sem instalar sistemas fixos. Compreender os limites do arrefecimento passivo ajuda a definir expectativas realistas e garante um melhor conforto durante todo o ver\u00e3o. <\/p>\n\n<h2 class=\"wp-block-heading\">Um Ambiente Interior Mais Fresco e Confort\u00e1vel<\/h2>\n\n<p>Manter-se fresco no interior \u00e9 essencial para o conforto, a qualidade do sono e o bem-estar geral durante o ver\u00e3o. Embora medidas simples possam ajudar a reduzir a acumula\u00e7\u00e3o de calor, nem sempre s\u00e3o suficientes durante o tempo quente extremo ou prolongado. O Ar Condicionado port\u00e1til oferece uma forma pr\u00e1tica e eficaz de arrefecer os quartos sem instala\u00e7\u00e3o fixa, tornando-o uma solu\u00e7\u00e3o ideal para casas sem sistemas incorporados.  <\/p>\n\n<h2 class=\"wp-block-heading\"><strong>Descubra as Solu\u00e7\u00f5es de Arrefecimento Port\u00e1til<\/strong>:<\/h2>\n\n<div class=\"woocommerce ywcps-product-slider\">\n\t\t<div class=\"ywcps-wrapper\"  data-n_items=\"4\" data-is_loop=\"true\" data-pag_speed=\"800\" data-auto_play=\"5000\" data-stop_hov=\"false\" data-show_nav=\"false\" data-is_rtl=\"false\" data-anim_in=\"\" data-anim_out=\"\" data-anim_speed=\"450\" data-show_dot_nav=\"true\" data-columns=\"6\" data-slide_by=\"1\" data-en_responsive=\"true\" data-n_item_desk_small=\"4\" data-n_item_tablet=\"2\" data-n_item_mobile=\"1\"  >\n\t\t<div class=\"ywcps-slider \"style=\"visibility:hidden;\">\n\t\t\t<ul class=\"ywcps-products products ywcps_products_slider owl-carousel\" >\n\t\t\t\t<li class=\"product type-product post-48421 status-publish first instock product_cat-ar-condicionado-portatil has-post-thumbnail taxable shipping-taxable product-type-simple\">\n\t<a href=\"https:\/\/www.toyotomi.eu\/pt\/produto\/toyotomi-tad-2220e-2\/\" class=\"woocommerce-LoopProduct-link woocommerce-loop-product__link\"><div class=\"woocommerce-image__wrapper\"><a href=\"https:\/\/www.toyotomi.eu\/pt\/produto\/toyotomi-tad-2220e-2\/\" title=\"Toyotomi TAD-2220E\" class=\"woocommerce-LoopProduct-link woocommerce-loop-product__link\"><div class=\"shoptimizer-plp-carousel-container\"><div class=\"shoptimizer-plp-image-wrapper\"><img loading=\"lazy\" decoding=\"async\" width=\"2560\" height=\"2560\" src=\"https:\/\/www.toyotomi.eu\/wp-content\/uploads\/2025\/01\/PIC_TOYOTOMI-TAD_right_2560x2560.png\" class=\"attachment-woocommerce_thumbnail size-woocommerce_thumbnail\" alt=\"Toyotomi TAD-2220E\" srcset=\"https:\/\/www.toyotomi.eu\/wp-content\/uploads\/2025\/01\/PIC_TOYOTOMI-TAD_right_2560x2560.png 2560w, https:\/\/www.toyotomi.eu\/wp-content\/uploads\/2025\/01\/PIC_TOYOTOMI-TAD_right_2560x2560-1024x1024.png 1024w, https:\/\/www.toyotomi.eu\/wp-content\/uploads\/2025\/01\/PIC_TOYOTOMI-TAD_right_2560x2560-1920x1920.png 1920w, https:\/\/www.toyotomi.eu\/wp-content\/uploads\/2025\/01\/PIC_TOYOTOMI-TAD_right_2560x2560-300x300.png 300w, https:\/\/www.toyotomi.eu\/wp-content\/uploads\/2025\/01\/PIC_TOYOTOMI-TAD_right_2560x2560-768x768.png 768w, https:\/\/www.toyotomi.eu\/wp-content\/uploads\/2025\/01\/PIC_TOYOTOMI-TAD_right_2560x2560-1536x1536.png 1536w, https:\/\/www.toyotomi.eu\/wp-content\/uploads\/2025\/01\/PIC_TOYOTOMI-TAD_right_2560x2560-2048x2048.png 2048w, https:\/\/www.toyotomi.eu\/wp-content\/uploads\/2025\/01\/PIC_TOYOTOMI-TAD_right_2560x2560-990x990.png 990w, https:\/\/www.toyotomi.eu\/wp-content\/uploads\/2025\/01\/PIC_TOYOTOMI-TAD_right_2560x2560-441x441.png 441w, https:\/\/www.toyotomi.eu\/wp-content\/uploads\/2025\/01\/PIC_TOYOTOMI-TAD_right_2560x2560-100x100.png 100w, https:\/\/www.toyotomi.eu\/wp-content\/uploads\/2025\/01\/PIC_TOYOTOMI-TAD_right_2560x2560-150x150.png 150w\" sizes=\"auto, (max-width: 360px) 147px, (max-width: 2560px) 100vw, 2560px\" \/>\t\t\t\n\t<\/div><\/div><\/a><\/div><div class=\"woocommerce-card__header\">\t\t\t\t\t<p class=\"product__categories\"><a href=\"https:\/\/www.toyotomi.eu\/pt\/categoria\/tratamento-do-ar\/ar-condicionado-portatil\/\" rel=\"tag\">Ar condicionados port\u00e1teis<\/a><\/p>\t\t\t\t<div class=\"woocommerce-loop-product__title\"><a tabindex=\"0\" href=\"https:\/\/www.toyotomi.eu\/pt\/produto\/toyotomi-tad-2220e-2\/\" aria-label=\"Toyotomi TAD-2220E\" class=\"woocommerce-LoopProduct-link woocommerce-loop-product__link\">Toyotomi TAD-2220E<\/a><\/div><div class=\"cgkit-as-variation-price \">\n<\/div><\/a><a href=\"https:\/\/www.toyotomi.eu\/pt\/produto\/toyotomi-tad-2220e-2\/\" aria-describedby=\"woocommerce_loop_add_to_cart_link_describedby_48421\" data-quantity=\"1\" class=\"button product_type_simple\" data-product_id=\"48421\" data-product_sku=\"4963505830328\" aria-label=\"Leia mais sobre &ldquo;Toyotomi TAD-2220E&rdquo;\" rel=\"nofollow\" data-success_message=\"\">Ler mais<\/a>\t<span id=\"woocommerce_loop_add_to_cart_link_describedby_48421\" class=\"screen-reader-text\">\n\t\t\t<\/span>\n<\/div><\/li>\n<li class=\"product type-product post-48463 status-publish instock product_cat-ar-condicionado-portatil has-post-thumbnail taxable shipping-taxable product-type-simple\">\n\t<a href=\"https:\/\/www.toyotomi.eu\/pt\/produto\/toyotomi-tad-2226e-2\/\" class=\"woocommerce-LoopProduct-link woocommerce-loop-product__link\"><div class=\"woocommerce-image__wrapper\"><a href=\"https:\/\/www.toyotomi.eu\/pt\/produto\/toyotomi-tad-2226e-2\/\" title=\"Toyotomi TAD-2226E\" class=\"woocommerce-LoopProduct-link woocommerce-loop-product__link\"><div class=\"shoptimizer-plp-carousel-container\"><div class=\"shoptimizer-plp-image-wrapper\"><img loading=\"lazy\" decoding=\"async\" width=\"2560\" height=\"2560\" src=\"https:\/\/www.toyotomi.eu\/wp-content\/uploads\/2025\/01\/PIC_TOYOTOMI-TAD_right_2560x2560.png\" class=\"attachment-woocommerce_thumbnail size-woocommerce_thumbnail\" alt=\"Toyotomi TAD-2226E\" srcset=\"https:\/\/www.toyotomi.eu\/wp-content\/uploads\/2025\/01\/PIC_TOYOTOMI-TAD_right_2560x2560.png 2560w, https:\/\/www.toyotomi.eu\/wp-content\/uploads\/2025\/01\/PIC_TOYOTOMI-TAD_right_2560x2560-1024x1024.png 1024w, https:\/\/www.toyotomi.eu\/wp-content\/uploads\/2025\/01\/PIC_TOYOTOMI-TAD_right_2560x2560-1920x1920.png 1920w, https:\/\/www.toyotomi.eu\/wp-content\/uploads\/2025\/01\/PIC_TOYOTOMI-TAD_right_2560x2560-300x300.png 300w, https:\/\/www.toyotomi.eu\/wp-content\/uploads\/2025\/01\/PIC_TOYOTOMI-TAD_right_2560x2560-768x768.png 768w, https:\/\/www.toyotomi.eu\/wp-content\/uploads\/2025\/01\/PIC_TOYOTOMI-TAD_right_2560x2560-1536x1536.png 1536w, https:\/\/www.toyotomi.eu\/wp-content\/uploads\/2025\/01\/PIC_TOYOTOMI-TAD_right_2560x2560-2048x2048.png 2048w, https:\/\/www.toyotomi.eu\/wp-content\/uploads\/2025\/01\/PIC_TOYOTOMI-TAD_right_2560x2560-990x990.png 990w, https:\/\/www.toyotomi.eu\/wp-content\/uploads\/2025\/01\/PIC_TOYOTOMI-TAD_right_2560x2560-441x441.png 441w, https:\/\/www.toyotomi.eu\/wp-content\/uploads\/2025\/01\/PIC_TOYOTOMI-TAD_right_2560x2560-100x100.png 100w, https:\/\/www.toyotomi.eu\/wp-content\/uploads\/2025\/01\/PIC_TOYOTOMI-TAD_right_2560x2560-150x150.png 150w\" sizes=\"auto, (max-width: 360px) 147px, (max-width: 2560px) 100vw, 2560px\" \/>\t\t\t\n\t<\/div><\/div><\/a><\/div><div class=\"woocommerce-card__header\">\t\t\t\t\t<p class=\"product__categories\"><a href=\"https:\/\/www.toyotomi.eu\/pt\/categoria\/tratamento-do-ar\/ar-condicionado-portatil\/\" rel=\"tag\">Ar condicionados port\u00e1teis<\/a><\/p>\t\t\t\t<div class=\"woocommerce-loop-product__title\"><a tabindex=\"0\" href=\"https:\/\/www.toyotomi.eu\/pt\/produto\/toyotomi-tad-2226e-2\/\" aria-label=\"Toyotomi TAD-2226E\" class=\"woocommerce-LoopProduct-link woocommerce-loop-product__link\">Toyotomi TAD-2226E<\/a><\/div><div class=\"cgkit-as-variation-price \">\n<\/div><\/a><a href=\"https:\/\/www.toyotomi.eu\/pt\/produto\/toyotomi-tad-2226e-2\/\" aria-describedby=\"woocommerce_loop_add_to_cart_link_describedby_48463\" data-quantity=\"1\" class=\"button product_type_simple\" data-product_id=\"48463\" data-product_sku=\"4963505830335\" aria-label=\"Leia mais sobre &ldquo;Toyotomi TAD-2226E&rdquo;\" rel=\"nofollow\" data-success_message=\"\">Ler mais<\/a>\t<span id=\"woocommerce_loop_add_to_cart_link_describedby_48463\" class=\"screen-reader-text\">\n\t\t\t<\/span>\n<\/div><\/li>\n<li class=\"product type-product post-48477 status-publish last instock product_cat-ar-condicionado-portatil has-post-thumbnail taxable shipping-taxable product-type-simple\">\n\t<a href=\"https:\/\/www.toyotomi.eu\/pt\/produto\/toyotomi-tad-2229e-2\/\" class=\"woocommerce-LoopProduct-link woocommerce-loop-product__link\"><div class=\"woocommerce-image__wrapper\"><a href=\"https:\/\/www.toyotomi.eu\/pt\/produto\/toyotomi-tad-2229e-2\/\" title=\"Toyotomi TAD-2229E\" class=\"woocommerce-LoopProduct-link woocommerce-loop-product__link\"><div class=\"shoptimizer-plp-carousel-container\"><div class=\"shoptimizer-plp-image-wrapper\"><img loading=\"lazy\" decoding=\"async\" width=\"2560\" height=\"2560\" src=\"https:\/\/www.toyotomi.eu\/wp-content\/uploads\/2025\/01\/PIC_TOYOTOMI-TAD_right_2560x2560.png\" class=\"attachment-woocommerce_thumbnail size-woocommerce_thumbnail\" alt=\"Toyotomi TAD-2229E\" srcset=\"https:\/\/www.toyotomi.eu\/wp-content\/uploads\/2025\/01\/PIC_TOYOTOMI-TAD_right_2560x2560.png 2560w, https:\/\/www.toyotomi.eu\/wp-content\/uploads\/2025\/01\/PIC_TOYOTOMI-TAD_right_2560x2560-1024x1024.png 1024w, https:\/\/www.toyotomi.eu\/wp-content\/uploads\/2025\/01\/PIC_TOYOTOMI-TAD_right_2560x2560-1920x1920.png 1920w, https:\/\/www.toyotomi.eu\/wp-content\/uploads\/2025\/01\/PIC_TOYOTOMI-TAD_right_2560x2560-300x300.png 300w, https:\/\/www.toyotomi.eu\/wp-content\/uploads\/2025\/01\/PIC_TOYOTOMI-TAD_right_2560x2560-768x768.png 768w, https:\/\/www.toyotomi.eu\/wp-content\/uploads\/2025\/01\/PIC_TOYOTOMI-TAD_right_2560x2560-1536x1536.png 1536w, https:\/\/www.toyotomi.eu\/wp-content\/uploads\/2025\/01\/PIC_TOYOTOMI-TAD_right_2560x2560-2048x2048.png 2048w, https:\/\/www.toyotomi.eu\/wp-content\/uploads\/2025\/01\/PIC_TOYOTOMI-TAD_right_2560x2560-990x990.png 990w, https:\/\/www.toyotomi.eu\/wp-content\/uploads\/2025\/01\/PIC_TOYOTOMI-TAD_right_2560x2560-441x441.png 441w, https:\/\/www.toyotomi.eu\/wp-content\/uploads\/2025\/01\/PIC_TOYOTOMI-TAD_right_2560x2560-100x100.png 100w, https:\/\/www.toyotomi.eu\/wp-content\/uploads\/2025\/01\/PIC_TOYOTOMI-TAD_right_2560x2560-150x150.png 150w\" sizes=\"auto, (max-width: 360px) 147px, (max-width: 2560px) 100vw, 2560px\" \/>\t\t\t\n\t<\/div><\/div><\/a><\/div><div class=\"woocommerce-card__header\">\t\t\t\t\t<p class=\"product__categories\"><a href=\"https:\/\/www.toyotomi.eu\/pt\/categoria\/tratamento-do-ar\/ar-condicionado-portatil\/\" rel=\"tag\">Ar condicionados port\u00e1teis<\/a><\/p>\t\t\t\t<div class=\"woocommerce-loop-product__title\"><a tabindex=\"0\" href=\"https:\/\/www.toyotomi.eu\/pt\/produto\/toyotomi-tad-2229e-2\/\" aria-label=\"Toyotomi TAD-2229E\" class=\"woocommerce-LoopProduct-link woocommerce-loop-product__link\">Toyotomi TAD-2229E<\/a><\/div><div class=\"cgkit-as-variation-price \">\n<\/div><\/a><a href=\"https:\/\/www.toyotomi.eu\/pt\/produto\/toyotomi-tad-2229e-2\/\" aria-describedby=\"woocommerce_loop_add_to_cart_link_describedby_48477\" data-quantity=\"1\" class=\"button product_type_simple\" data-product_id=\"48477\" data-product_sku=\"4963505830342\" aria-label=\"Leia mais sobre &ldquo;Toyotomi TAD-2229E&rdquo;\" rel=\"nofollow\" data-success_message=\"\">Ler mais<\/a>\t<span id=\"woocommerce_loop_add_to_cart_link_describedby_48477\" class=\"screen-reader-text\">\n\t\t\t<\/span>\n<\/div><\/li>\n<li class=\"product type-product post-48462 status-publish first instock product_cat-ar-condicionado-portatil has-post-thumbnail taxable shipping-taxable product-type-simple\">\n\t<a href=\"https:\/\/www.toyotomi.eu\/pt\/produto\/toyotomi-tad-2235e-2\/\" class=\"woocommerce-LoopProduct-link woocommerce-loop-product__link\"><div class=\"woocommerce-image__wrapper\"><a href=\"https:\/\/www.toyotomi.eu\/pt\/produto\/toyotomi-tad-2235e-2\/\" title=\"Toyotomi TAD-2235E\" class=\"woocommerce-LoopProduct-link woocommerce-loop-product__link\"><div class=\"shoptimizer-plp-carousel-container\"><div class=\"shoptimizer-plp-image-wrapper\"><img loading=\"lazy\" decoding=\"async\" width=\"2560\" height=\"2560\" src=\"https:\/\/www.toyotomi.eu\/wp-content\/uploads\/2025\/01\/PIC_TOYOTOMI-TAD_right_2560x2560.png\" class=\"attachment-woocommerce_thumbnail size-woocommerce_thumbnail\" alt=\"Toyotomi TAD-2235E\" srcset=\"https:\/\/www.toyotomi.eu\/wp-content\/uploads\/2025\/01\/PIC_TOYOTOMI-TAD_right_2560x2560.png 2560w, https:\/\/www.toyotomi.eu\/wp-content\/uploads\/2025\/01\/PIC_TOYOTOMI-TAD_right_2560x2560-1024x1024.png 1024w, https:\/\/www.toyotomi.eu\/wp-content\/uploads\/2025\/01\/PIC_TOYOTOMI-TAD_right_2560x2560-1920x1920.png 1920w, https:\/\/www.toyotomi.eu\/wp-content\/uploads\/2025\/01\/PIC_TOYOTOMI-TAD_right_2560x2560-300x300.png 300w, https:\/\/www.toyotomi.eu\/wp-content\/uploads\/2025\/01\/PIC_TOYOTOMI-TAD_right_2560x2560-768x768.png 768w, https:\/\/www.toyotomi.eu\/wp-content\/uploads\/2025\/01\/PIC_TOYOTOMI-TAD_right_2560x2560-1536x1536.png 1536w, https:\/\/www.toyotomi.eu\/wp-content\/uploads\/2025\/01\/PIC_TOYOTOMI-TAD_right_2560x2560-2048x2048.png 2048w, https:\/\/www.toyotomi.eu\/wp-content\/uploads\/2025\/01\/PIC_TOYOTOMI-TAD_right_2560x2560-990x990.png 990w, https:\/\/www.toyotomi.eu\/wp-content\/uploads\/2025\/01\/PIC_TOYOTOMI-TAD_right_2560x2560-441x441.png 441w, https:\/\/www.toyotomi.eu\/wp-content\/uploads\/2025\/01\/PIC_TOYOTOMI-TAD_right_2560x2560-100x100.png 100w, https:\/\/www.toyotomi.eu\/wp-content\/uploads\/2025\/01\/PIC_TOYOTOMI-TAD_right_2560x2560-150x150.png 150w\" sizes=\"auto, (max-width: 360px) 147px, (max-width: 2560px) 100vw, 2560px\" \/>\t\t\t\n\t<\/div><\/div><\/a><\/div><div class=\"woocommerce-card__header\">\t\t\t\t\t<p class=\"product__categories\"><a href=\"https:\/\/www.toyotomi.eu\/pt\/categoria\/tratamento-do-ar\/ar-condicionado-portatil\/\" rel=\"tag\">Ar condicionados port\u00e1teis<\/a><\/p>\t\t\t\t<div class=\"woocommerce-loop-product__title\"><a tabindex=\"0\" href=\"https:\/\/www.toyotomi.eu\/pt\/produto\/toyotomi-tad-2235e-2\/\" aria-label=\"Toyotomi TAD-2235E\" class=\"woocommerce-LoopProduct-link woocommerce-loop-product__link\">Toyotomi TAD-2235E<\/a><\/div><div class=\"cgkit-as-variation-price \">\n<\/div><\/a><a href=\"https:\/\/www.toyotomi.eu\/pt\/produto\/toyotomi-tad-2235e-2\/\" aria-describedby=\"woocommerce_loop_add_to_cart_link_describedby_48462\" data-quantity=\"1\" class=\"button product_type_simple\" data-product_id=\"48462\" data-product_sku=\"4963505830359\" aria-label=\"Leia mais sobre &ldquo;Toyotomi TAD-2235E&rdquo;\" rel=\"nofollow\" data-success_message=\"\">Ler mais<\/a>\t<span id=\"woocommerce_loop_add_to_cart_link_describedby_48462\" class=\"screen-reader-text\">\n\t\t\t<\/span>\n<\/div><\/li>\n<li class=\"product type-product post-58600 status-publish instock product_cat-ar-condicionado-portatil has-post-thumbnail taxable shipping-taxable product-type-simple\">\n\t<a href=\"https:\/\/www.toyotomi.eu\/pt\/produto\/toyotomi-tad-2320\/\" class=\"woocommerce-LoopProduct-link woocommerce-loop-product__link\"><div class=\"woocommerce-image__wrapper\"><a href=\"https:\/\/www.toyotomi.eu\/pt\/produto\/toyotomi-tad-2320\/\" title=\"Toyotomi TAD-2320\" class=\"woocommerce-LoopProduct-link woocommerce-loop-product__link\"><div class=\"shoptimizer-plp-carousel-container\"><div class=\"shoptimizer-plp-image-wrapper\"><img loading=\"lazy\" decoding=\"async\" width=\"2560\" height=\"2560\" src=\"https:\/\/www.toyotomi.eu\/wp-content\/uploads\/2026\/01\/PIC_TOYOTOMI-TAD-23_front-right_2560x2560.png\" class=\"attachment-woocommerce_thumbnail size-woocommerce_thumbnail\" alt=\"Ar condicionado port\u00e1til de alta efici\u00eancia com configura\u00e7\u00f5es ajust\u00e1veis e controlo remoto.\" srcset=\"https:\/\/www.toyotomi.eu\/wp-content\/uploads\/2026\/01\/PIC_TOYOTOMI-TAD-23_front-right_2560x2560.png 2560w, https:\/\/www.toyotomi.eu\/wp-content\/uploads\/2026\/01\/PIC_TOYOTOMI-TAD-23_front-right_2560x2560-1024x1024.png 1024w, https:\/\/www.toyotomi.eu\/wp-content\/uploads\/2026\/01\/PIC_TOYOTOMI-TAD-23_front-right_2560x2560-1920x1920.png 1920w, https:\/\/www.toyotomi.eu\/wp-content\/uploads\/2026\/01\/PIC_TOYOTOMI-TAD-23_front-right_2560x2560-300x300.png 300w, https:\/\/www.toyotomi.eu\/wp-content\/uploads\/2026\/01\/PIC_TOYOTOMI-TAD-23_front-right_2560x2560-768x768.png 768w, https:\/\/www.toyotomi.eu\/wp-content\/uploads\/2026\/01\/PIC_TOYOTOMI-TAD-23_front-right_2560x2560-1536x1536.png 1536w, https:\/\/www.toyotomi.eu\/wp-content\/uploads\/2026\/01\/PIC_TOYOTOMI-TAD-23_front-right_2560x2560-2048x2048.png 2048w, https:\/\/www.toyotomi.eu\/wp-content\/uploads\/2026\/01\/PIC_TOYOTOMI-TAD-23_front-right_2560x2560-990x990.png 990w, https:\/\/www.toyotomi.eu\/wp-content\/uploads\/2026\/01\/PIC_TOYOTOMI-TAD-23_front-right_2560x2560-441x441.png 441w, https:\/\/www.toyotomi.eu\/wp-content\/uploads\/2026\/01\/PIC_TOYOTOMI-TAD-23_front-right_2560x2560-100x100.png 100w, https:\/\/www.toyotomi.eu\/wp-content\/uploads\/2026\/01\/PIC_TOYOTOMI-TAD-23_front-right_2560x2560-150x150.png 150w\" sizes=\"auto, (max-width: 360px) 147px, (max-width: 2560px) 100vw, 2560px\" \/>\t\t\t\n\t<\/div><\/div><\/a><\/div><div class=\"woocommerce-card__header\">\t\t\t\t\t<p class=\"product__categories\"><a href=\"https:\/\/www.toyotomi.eu\/pt\/categoria\/tratamento-do-ar\/ar-condicionado-portatil\/\" rel=\"tag\">Ar condicionados port\u00e1teis<\/a><\/p>\t\t\t\t<div class=\"woocommerce-loop-product__title\"><a tabindex=\"0\" href=\"https:\/\/www.toyotomi.eu\/pt\/produto\/toyotomi-tad-2320\/\" aria-label=\"Toyotomi TAD-2320\" class=\"woocommerce-LoopProduct-link woocommerce-loop-product__link\">Toyotomi TAD-2320<\/a><\/div><div class=\"cgkit-as-variation-price \">\n<\/div><\/a><a href=\"https:\/\/www.toyotomi.eu\/pt\/produto\/toyotomi-tad-2320\/\" aria-describedby=\"woocommerce_loop_add_to_cart_link_describedby_58600\" data-quantity=\"1\" class=\"button product_type_simple\" data-product_id=\"58600\" data-product_sku=\"4963505831059\" aria-label=\"Leia mais sobre &ldquo;Toyotomi TAD-2320&rdquo;\" rel=\"nofollow\" data-success_message=\"\">Ler mais<\/a>\t<span id=\"woocommerce_loop_add_to_cart_link_describedby_58600\" class=\"screen-reader-text\">\n\t\t\t<\/span>\n<\/div><\/li>\n<li class=\"product type-product post-54533 status-publish last instock product_cat-ar-condicionado-portatil has-post-thumbnail taxable shipping-taxable product-type-simple\">\n\t<a href=\"https:\/\/www.toyotomi.eu\/pt\/produto\/toyotomi-tad-2326hp\/\" class=\"woocommerce-LoopProduct-link woocommerce-loop-product__link\"><div class=\"woocommerce-image__wrapper\"><a href=\"https:\/\/www.toyotomi.eu\/pt\/produto\/toyotomi-tad-2326hp\/\" title=\"Toyotomi TAD-2326HP\" class=\"woocommerce-LoopProduct-link woocommerce-loop-product__link\"><div class=\"shoptimizer-plp-carousel-container\"><div class=\"shoptimizer-plp-image-wrapper\"><img loading=\"lazy\" decoding=\"async\" width=\"2560\" height=\"2560\" src=\"https:\/\/www.toyotomi.eu\/wp-content\/uploads\/2026\/01\/PIC_TOYOTOMI-TAD-23_front-right_2560x2560.png\" class=\"attachment-woocommerce_thumbnail size-woocommerce_thumbnail\" alt=\"Ar condicionado port\u00e1til de alta efici\u00eancia com configura\u00e7\u00f5es ajust\u00e1veis e controlo remoto.\" srcset=\"https:\/\/www.toyotomi.eu\/wp-content\/uploads\/2026\/01\/PIC_TOYOTOMI-TAD-23_front-right_2560x2560.png 2560w, https:\/\/www.toyotomi.eu\/wp-content\/uploads\/2026\/01\/PIC_TOYOTOMI-TAD-23_front-right_2560x2560-1024x1024.png 1024w, https:\/\/www.toyotomi.eu\/wp-content\/uploads\/2026\/01\/PIC_TOYOTOMI-TAD-23_front-right_2560x2560-1920x1920.png 1920w, https:\/\/www.toyotomi.eu\/wp-content\/uploads\/2026\/01\/PIC_TOYOTOMI-TAD-23_front-right_2560x2560-300x300.png 300w, https:\/\/www.toyotomi.eu\/wp-content\/uploads\/2026\/01\/PIC_TOYOTOMI-TAD-23_front-right_2560x2560-768x768.png 768w, https:\/\/www.toyotomi.eu\/wp-content\/uploads\/2026\/01\/PIC_TOYOTOMI-TAD-23_front-right_2560x2560-1536x1536.png 1536w, https:\/\/www.toyotomi.eu\/wp-content\/uploads\/2026\/01\/PIC_TOYOTOMI-TAD-23_front-right_2560x2560-2048x2048.png 2048w, https:\/\/www.toyotomi.eu\/wp-content\/uploads\/2026\/01\/PIC_TOYOTOMI-TAD-23_front-right_2560x2560-990x990.png 990w, https:\/\/www.toyotomi.eu\/wp-content\/uploads\/2026\/01\/PIC_TOYOTOMI-TAD-23_front-right_2560x2560-441x441.png 441w, https:\/\/www.toyotomi.eu\/wp-content\/uploads\/2026\/01\/PIC_TOYOTOMI-TAD-23_front-right_2560x2560-100x100.png 100w, https:\/\/www.toyotomi.eu\/wp-content\/uploads\/2026\/01\/PIC_TOYOTOMI-TAD-23_front-right_2560x2560-150x150.png 150w\" sizes=\"auto, (max-width: 360px) 147px, (max-width: 2560px) 100vw, 2560px\" \/>\t\t\t\n\t<\/div><\/div><\/a><\/div><div class=\"woocommerce-card__header\">\t\t\t\t\t<p class=\"product__categories\"><a href=\"https:\/\/www.toyotomi.eu\/pt\/categoria\/tratamento-do-ar\/ar-condicionado-portatil\/\" rel=\"tag\">Ar condicionados port\u00e1teis<\/a><\/p>\t\t\t\t<div class=\"woocommerce-loop-product__title\"><a tabindex=\"0\" href=\"https:\/\/www.toyotomi.eu\/pt\/produto\/toyotomi-tad-2326hp\/\" aria-label=\"Toyotomi TAD-2326HP\" class=\"woocommerce-LoopProduct-link woocommerce-loop-product__link\">Toyotomi TAD-2326HP<\/a><\/div><div class=\"cgkit-as-variation-price \">\n<\/div><\/a><a href=\"https:\/\/www.toyotomi.eu\/pt\/produto\/toyotomi-tad-2326hp\/\" aria-describedby=\"woocommerce_loop_add_to_cart_link_describedby_54533\" data-quantity=\"1\" class=\"button product_type_simple\" data-product_id=\"54533\" data-product_sku=\"4963505831080\" aria-label=\"Leia mais sobre &ldquo;Toyotomi TAD-2326HP&rdquo;\" rel=\"nofollow\" data-success_message=\"\">Ler mais<\/a>\t<span id=\"woocommerce_loop_add_to_cart_link_describedby_54533\" class=\"screen-reader-text\">\n\t\t\t<\/span>\n<\/div><\/li>\n<li class=\"product type-product post-54727 status-publish first instock product_cat-ar-condicionado-portatil has-post-thumbnail taxable shipping-taxable product-type-simple\">\n\t<a href=\"https:\/\/www.toyotomi.eu\/pt\/produto\/toyotomi-tad-2335hp\/\" class=\"woocommerce-LoopProduct-link woocommerce-loop-product__link\"><div class=\"woocommerce-image__wrapper\"><a href=\"https:\/\/www.toyotomi.eu\/pt\/produto\/toyotomi-tad-2335hp\/\" title=\"Toyotomi TAD-2335HP\" class=\"woocommerce-LoopProduct-link woocommerce-loop-product__link\"><div class=\"shoptimizer-plp-carousel-container\"><div class=\"shoptimizer-plp-image-wrapper\"><img loading=\"lazy\" decoding=\"async\" width=\"2560\" height=\"2560\" src=\"https:\/\/www.toyotomi.eu\/wp-content\/uploads\/2026\/01\/PIC_TOYOTOMI-TAD-23_front-right_2560x2560.png\" class=\"attachment-woocommerce_thumbnail size-woocommerce_thumbnail\" alt=\"Ar condicionado port\u00e1til de alta efici\u00eancia com configura\u00e7\u00f5es ajust\u00e1veis e controlo remoto.\" srcset=\"https:\/\/www.toyotomi.eu\/wp-content\/uploads\/2026\/01\/PIC_TOYOTOMI-TAD-23_front-right_2560x2560.png 2560w, https:\/\/www.toyotomi.eu\/wp-content\/uploads\/2026\/01\/PIC_TOYOTOMI-TAD-23_front-right_2560x2560-1024x1024.png 1024w, https:\/\/www.toyotomi.eu\/wp-content\/uploads\/2026\/01\/PIC_TOYOTOMI-TAD-23_front-right_2560x2560-1920x1920.png 1920w, https:\/\/www.toyotomi.eu\/wp-content\/uploads\/2026\/01\/PIC_TOYOTOMI-TAD-23_front-right_2560x2560-300x300.png 300w, https:\/\/www.toyotomi.eu\/wp-content\/uploads\/2026\/01\/PIC_TOYOTOMI-TAD-23_front-right_2560x2560-768x768.png 768w, https:\/\/www.toyotomi.eu\/wp-content\/uploads\/2026\/01\/PIC_TOYOTOMI-TAD-23_front-right_2560x2560-1536x1536.png 1536w, https:\/\/www.toyotomi.eu\/wp-content\/uploads\/2026\/01\/PIC_TOYOTOMI-TAD-23_front-right_2560x2560-2048x2048.png 2048w, https:\/\/www.toyotomi.eu\/wp-content\/uploads\/2026\/01\/PIC_TOYOTOMI-TAD-23_front-right_2560x2560-990x990.png 990w, https:\/\/www.toyotomi.eu\/wp-content\/uploads\/2026\/01\/PIC_TOYOTOMI-TAD-23_front-right_2560x2560-441x441.png 441w, https:\/\/www.toyotomi.eu\/wp-content\/uploads\/2026\/01\/PIC_TOYOTOMI-TAD-23_front-right_2560x2560-100x100.png 100w, https:\/\/www.toyotomi.eu\/wp-content\/uploads\/2026\/01\/PIC_TOYOTOMI-TAD-23_front-right_2560x2560-150x150.png 150w\" sizes=\"auto, (max-width: 360px) 147px, (max-width: 2560px) 100vw, 2560px\" \/>\t\t\t\n\t<\/div><\/div><\/a><\/div><div class=\"woocommerce-card__header\">\t\t\t\t\t<p class=\"product__categories\"><a href=\"https:\/\/www.toyotomi.eu\/pt\/categoria\/tratamento-do-ar\/ar-condicionado-portatil\/\" rel=\"tag\">Ar condicionados port\u00e1teis<\/a><\/p>\t\t\t\t<div class=\"woocommerce-loop-product__title\"><a tabindex=\"0\" href=\"https:\/\/www.toyotomi.eu\/pt\/produto\/toyotomi-tad-2335hp\/\" aria-label=\"Toyotomi TAD-2335HP\" class=\"woocommerce-LoopProduct-link woocommerce-loop-product__link\">Toyotomi TAD-2335HP<\/a><\/div><div class=\"cgkit-as-variation-price \">\n<\/div><\/a><a href=\"https:\/\/www.toyotomi.eu\/pt\/produto\/toyotomi-tad-2335hp\/\" aria-describedby=\"woocommerce_loop_add_to_cart_link_describedby_54727\" data-quantity=\"1\" class=\"button product_type_simple\" data-product_id=\"54727\" data-product_sku=\"4963505831097\" aria-label=\"Leia mais sobre &ldquo;Toyotomi TAD-2335HP&rdquo;\" rel=\"nofollow\" data-success_message=\"\">Ler mais<\/a>\t<span id=\"woocommerce_loop_add_to_cart_link_describedby_54727\" class=\"screen-reader-text\">\n\t\t\t<\/span>\n<\/div><\/li>\n\t\t\t<\/ul>\n\t\t<\/div>\n\t\t<div class=\"ywcps-nav\">\n\t\t\t<div id=\"nav_prev_def_59520\" class=\"ywcps-nav-prev\"><span id=\"default_prev\"><\/span><\/div>\n\t\t\t<div id=\"nav_next_def_59520\" class=\"ywcps-nav-next\"><span id=\"default_next\"><\/span><\/div>\n\t\t<\/div>\n\t<\/div>\n\t<div class=\"es-carousel-clear\"><\/div>\n<\/div>\n\t\n","protected":false},"excerpt":{"rendered":"<p>Solu\u00e7\u00f5es Pr\u00e1ticas de Arrefecimento para Casas Sem Ar Condicionado Instalado Durante o ver\u00e3o, muitas casas em toda a Europa tornam-se rapidamente desconfort\u00e1veis. Os quartos ret\u00eam o calor durante a noite, as salas de estar ficam abafadas ao meio-dia e trabalhar a partir de casa torna-se cada vez mais dif\u00edcil. Isto \u00e9 especialmente comum em apartamentos, [&hellip;]<\/p>\n","protected":false},"author":71,"featured_media":47043,"comment_status":"closed","ping_status":"closed","sticky":false,"template":"","format":"standard","meta":{"_acf_changed":false,"_eb_attr":"","footnotes":""},"categories":[7708],"tags":[],"class_list":["post-47042","post","type-post","status-publish","format-standard","has-post-thumbnail","hentry","category-blogue"],"acf":[],"yoast_head":"<!-- This site is optimized with the Yoast SEO plugin v27.4 - https:\/\/yoast.com\/product\/yoast-seo-wordpress\/ -->\n<title>Como Manter um Quarto Fresco Sem Ar Condicionado - Toyotomi<\/title>\n<meta name=\"robots\" content=\"index, follow, max-snippet:-1, max-image-preview:large, max-video-preview:-1\" \/>\n<link rel=\"canonical\" href=\"https:\/\/www.toyotomi.eu\/pt\/blogue\/porque-escolher-portable-air-conditioners\/\" \/>\n<meta property=\"og:locale\" content=\"pt_PT\" \/>\n<meta property=\"og:type\" content=\"article\" \/>\n<meta property=\"og:title\" content=\"Como Manter um Quarto Fresco Sem Ar Condicionado - Toyotomi\" \/>\n<meta property=\"og:description\" content=\"Solu\u00e7\u00f5es Pr\u00e1ticas de Arrefecimento para Casas Sem Ar Condicionado Instalado Durante o ver\u00e3o, muitas casas em toda a Europa tornam-se rapidamente desconfort\u00e1veis. Os quartos ret\u00eam o calor durante a noite, as salas de estar ficam abafadas ao meio-dia e trabalhar a partir de casa torna-se cada vez mais dif\u00edcil. Isto \u00e9 especialmente comum em apartamentos, [&hellip;]\" \/>\n<meta property=\"og:url\" content=\"https:\/\/www.toyotomi.eu\/pt\/blogue\/porque-escolher-portable-air-conditioners\/\" \/>\n<meta property=\"og:site_name\" content=\"Toyotomi\" \/>\n<meta property=\"article:published_time\" content=\"2025-08-22T00:05:08+00:00\" \/>\n<meta property=\"article:modified_time\" content=\"2026-01-22T02:24:45+00:00\" \/>\n<meta property=\"og:image\" content=\"https:\/\/www.toyotomi.eu\/wp-content\/uploads\/2025\/09\/Portable-air-conditioners-toyotomi-europe.jpg\" \/>\n\t<meta property=\"og:image:width\" content=\"1920\" \/>\n\t<meta property=\"og:image:height\" content=\"1280\" \/>\n\t<meta property=\"og:image:type\" content=\"image\/jpeg\" \/>\n<meta name=\"author\" content=\"Jorg Brinkman\" \/>\n<meta name=\"twitter:card\" content=\"summary_large_image\" \/>\n<meta name=\"twitter:label1\" content=\"Escrito por\" \/>\n\t<meta name=\"twitter:data1\" content=\"Jorg Brinkman\" \/>\n\t<meta name=\"twitter:label2\" content=\"Tempo estimado de leitura\" \/>\n\t<meta name=\"twitter:data2\" content=\"5 minuto\" \/>\n<script type=\"application\/ld+json\" class=\"yoast-schema-graph\">{\"@context\":\"https:\\\/\\\/schema.org\",\"@graph\":[{\"@type\":\"Article\",\"@id\":\"https:\\\/\\\/www.toyotomi.eu\\\/pt\\\/blogue\\\/porque-escolher-portable-air-conditioners\\\/#article\",\"isPartOf\":{\"@id\":\"https:\\\/\\\/www.toyotomi.eu\\\/pt\\\/blogue\\\/porque-escolher-portable-air-conditioners\\\/\"},\"author\":{\"name\":\"Jorg Brinkman\",\"@id\":\"https:\\\/\\\/www.toyotomi.eu\\\/pt\\\/#\\\/schema\\\/person\\\/1f5f9541d8cb43bd4c58afbee657120e\"},\"headline\":\"Como Manter um Quarto Fresco Sem Ar Condicionado\",\"datePublished\":\"2025-08-22T00:05:08+00:00\",\"dateModified\":\"2026-01-22T02:24:45+00:00\",\"mainEntityOfPage\":{\"@id\":\"https:\\\/\\\/www.toyotomi.eu\\\/pt\\\/blogue\\\/porque-escolher-portable-air-conditioners\\\/\"},\"wordCount\":978,\"publisher\":{\"@id\":\"https:\\\/\\\/www.toyotomi.eu\\\/pt\\\/#organization\"},\"image\":{\"@id\":\"https:\\\/\\\/www.toyotomi.eu\\\/pt\\\/blogue\\\/porque-escolher-portable-air-conditioners\\\/#primaryimage\"},\"thumbnailUrl\":\"https:\\\/\\\/www.toyotomi.eu\\\/wp-content\\\/uploads\\\/2025\\\/09\\\/Portable-air-conditioners-toyotomi-europe.jpg\",\"articleSection\":[\"Blogue\"],\"inLanguage\":\"pt-PT\"},{\"@type\":\"WebPage\",\"@id\":\"https:\\\/\\\/www.toyotomi.eu\\\/pt\\\/blogue\\\/porque-escolher-portable-air-conditioners\\\/\",\"url\":\"https:\\\/\\\/www.toyotomi.eu\\\/pt\\\/blogue\\\/porque-escolher-portable-air-conditioners\\\/\",\"name\":\"Como Manter um Quarto Fresco Sem Ar Condicionado - Toyotomi\",\"isPartOf\":{\"@id\":\"https:\\\/\\\/www.toyotomi.eu\\\/pt\\\/#website\"},\"primaryImageOfPage\":{\"@id\":\"https:\\\/\\\/www.toyotomi.eu\\\/pt\\\/blogue\\\/porque-escolher-portable-air-conditioners\\\/#primaryimage\"},\"image\":{\"@id\":\"https:\\\/\\\/www.toyotomi.eu\\\/pt\\\/blogue\\\/porque-escolher-portable-air-conditioners\\\/#primaryimage\"},\"thumbnailUrl\":\"https:\\\/\\\/www.toyotomi.eu\\\/wp-content\\\/uploads\\\/2025\\\/09\\\/Portable-air-conditioners-toyotomi-europe.jpg\",\"datePublished\":\"2025-08-22T00:05:08+00:00\",\"dateModified\":\"2026-01-22T02:24:45+00:00\",\"breadcrumb\":{\"@id\":\"https:\\\/\\\/www.toyotomi.eu\\\/pt\\\/blogue\\\/porque-escolher-portable-air-conditioners\\\/#breadcrumb\"},\"inLanguage\":\"pt-PT\",\"potentialAction\":[{\"@type\":\"ReadAction\",\"target\":[\"https:\\\/\\\/www.toyotomi.eu\\\/pt\\\/blogue\\\/porque-escolher-portable-air-conditioners\\\/\"]}]},{\"@type\":\"ImageObject\",\"inLanguage\":\"pt-PT\",\"@id\":\"https:\\\/\\\/www.toyotomi.eu\\\/pt\\\/blogue\\\/porque-escolher-portable-air-conditioners\\\/#primaryimage\",\"url\":\"https:\\\/\\\/www.toyotomi.eu\\\/wp-content\\\/uploads\\\/2025\\\/09\\\/Portable-air-conditioners-toyotomi-europe.jpg\",\"contentUrl\":\"https:\\\/\\\/www.toyotomi.eu\\\/wp-content\\\/uploads\\\/2025\\\/09\\\/Portable-air-conditioners-toyotomi-europe.jpg\",\"width\":1920,\"height\":1280},{\"@type\":\"BreadcrumbList\",\"@id\":\"https:\\\/\\\/www.toyotomi.eu\\\/pt\\\/blogue\\\/porque-escolher-portable-air-conditioners\\\/#breadcrumb\",\"itemListElement\":[{\"@type\":\"ListItem\",\"position\":1,\"name\":\"In\u00edcio\",\"item\":\"https:\\\/\\\/www.toyotomi.eu\\\/pt\\\/\"},{\"@type\":\"ListItem\",\"position\":2,\"name\":\"Como Manter um Quarto Fresco Sem Ar Condicionado\"}]},{\"@type\":\"WebSite\",\"@id\":\"https:\\\/\\\/www.toyotomi.eu\\\/pt\\\/#website\",\"url\":\"https:\\\/\\\/www.toyotomi.eu\\\/pt\\\/\",\"name\":\"Toyotomi\",\"description\":\"\",\"publisher\":{\"@id\":\"https:\\\/\\\/www.toyotomi.eu\\\/pt\\\/#organization\"},\"potentialAction\":[{\"@type\":\"SearchAction\",\"target\":{\"@type\":\"EntryPoint\",\"urlTemplate\":\"https:\\\/\\\/www.toyotomi.eu\\\/pt\\\/?s={search_term_string}\"},\"query-input\":{\"@type\":\"PropertyValueSpecification\",\"valueRequired\":true,\"valueName\":\"search_term_string\"}}],\"inLanguage\":\"pt-PT\"},{\"@type\":\"Organization\",\"@id\":\"https:\\\/\\\/www.toyotomi.eu\\\/pt\\\/#organization\",\"name\":\"Toyotomi Europe Sales B.V.\",\"alternateName\":\"Toyotomi\",\"url\":\"https:\\\/\\\/www.toyotomi.eu\\\/pt\\\/\",\"logo\":{\"@type\":\"ImageObject\",\"inLanguage\":\"pt-PT\",\"@id\":\"https:\\\/\\\/www.toyotomi.eu\\\/pt\\\/#\\\/schema\\\/logo\\\/image\\\/\",\"url\":\"https:\\\/\\\/www.toyotomi.eu\\\/wp-content\\\/uploads\\\/2025\\\/10\\\/logo.png\",\"contentUrl\":\"https:\\\/\\\/www.toyotomi.eu\\\/wp-content\\\/uploads\\\/2025\\\/10\\\/logo.png\",\"width\":1360,\"height\":304,\"caption\":\"Toyotomi Europe Sales B.V.\"},\"image\":{\"@id\":\"https:\\\/\\\/www.toyotomi.eu\\\/pt\\\/#\\\/schema\\\/logo\\\/image\\\/\"}},{\"@type\":\"Person\",\"@id\":\"https:\\\/\\\/www.toyotomi.eu\\\/pt\\\/#\\\/schema\\\/person\\\/1f5f9541d8cb43bd4c58afbee657120e\",\"name\":\"Jorg Brinkman\"}]}<\/script>\n<!-- \/ Yoast SEO plugin. -->","yoast_head_json":{"title":"Como Manter um Quarto Fresco Sem Ar Condicionado - Toyotomi","robots":{"index":"index","follow":"follow","max-snippet":"max-snippet:-1","max-image-preview":"max-image-preview:large","max-video-preview":"max-video-preview:-1"},"canonical":"https:\/\/www.toyotomi.eu\/pt\/blogue\/porque-escolher-portable-air-conditioners\/","og_locale":"pt_PT","og_type":"article","og_title":"Como Manter um Quarto Fresco Sem Ar Condicionado - Toyotomi","og_description":"Solu\u00e7\u00f5es Pr\u00e1ticas de Arrefecimento para Casas Sem Ar Condicionado Instalado Durante o ver\u00e3o, muitas casas em toda a Europa tornam-se rapidamente desconfort\u00e1veis. Os quartos ret\u00eam o calor durante a noite, as salas de estar ficam abafadas ao meio-dia e trabalhar a partir de casa torna-se cada vez mais dif\u00edcil. Isto \u00e9 especialmente comum em apartamentos, [&hellip;]","og_url":"https:\/\/www.toyotomi.eu\/pt\/blogue\/porque-escolher-portable-air-conditioners\/","og_site_name":"Toyotomi","article_published_time":"2025-08-22T00:05:08+00:00","article_modified_time":"2026-01-22T02:24:45+00:00","og_image":[{"width":1920,"height":1280,"url":"https:\/\/www.toyotomi.eu\/wp-content\/uploads\/2025\/09\/Portable-air-conditioners-toyotomi-europe.jpg","type":"image\/jpeg"}],"author":"Jorg Brinkman","twitter_card":"summary_large_image","twitter_misc":{"Escrito por":"Jorg Brinkman","Tempo estimado de leitura":"5 minuto"},"schema":{"@context":"https:\/\/schema.org","@graph":[{"@type":"Article","@id":"https:\/\/www.toyotomi.eu\/pt\/blogue\/porque-escolher-portable-air-conditioners\/#article","isPartOf":{"@id":"https:\/\/www.toyotomi.eu\/pt\/blogue\/porque-escolher-portable-air-conditioners\/"},"author":{"name":"Jorg Brinkman","@id":"https:\/\/www.toyotomi.eu\/pt\/#\/schema\/person\/1f5f9541d8cb43bd4c58afbee657120e"},"headline":"Como Manter um Quarto Fresco Sem Ar Condicionado","datePublished":"2025-08-22T00:05:08+00:00","dateModified":"2026-01-22T02:24:45+00:00","mainEntityOfPage":{"@id":"https:\/\/www.toyotomi.eu\/pt\/blogue\/porque-escolher-portable-air-conditioners\/"},"wordCount":978,"publisher":{"@id":"https:\/\/www.toyotomi.eu\/pt\/#organization"},"image":{"@id":"https:\/\/www.toyotomi.eu\/pt\/blogue\/porque-escolher-portable-air-conditioners\/#primaryimage"},"thumbnailUrl":"https:\/\/www.toyotomi.eu\/wp-content\/uploads\/2025\/09\/Portable-air-conditioners-toyotomi-europe.jpg","articleSection":["Blogue"],"inLanguage":"pt-PT"},{"@type":"WebPage","@id":"https:\/\/www.toyotomi.eu\/pt\/blogue\/porque-escolher-portable-air-conditioners\/","url":"https:\/\/www.toyotomi.eu\/pt\/blogue\/porque-escolher-portable-air-conditioners\/","name":"Como Manter um Quarto Fresco Sem Ar Condicionado - Toyotomi","isPartOf":{"@id":"https:\/\/www.toyotomi.eu\/pt\/#website"},"primaryImageOfPage":{"@id":"https:\/\/www.toyotomi.eu\/pt\/blogue\/porque-escolher-portable-air-conditioners\/#primaryimage"},"image":{"@id":"https:\/\/www.toyotomi.eu\/pt\/blogue\/porque-escolher-portable-air-conditioners\/#primaryimage"},"thumbnailUrl":"https:\/\/www.toyotomi.eu\/wp-content\/uploads\/2025\/09\/Portable-air-conditioners-toyotomi-europe.jpg","datePublished":"2025-08-22T00:05:08+00:00","dateModified":"2026-01-22T02:24:45+00:00","breadcrumb":{"@id":"https:\/\/www.toyotomi.eu\/pt\/blogue\/porque-escolher-portable-air-conditioners\/#breadcrumb"},"inLanguage":"pt-PT","potentialAction":[{"@type":"ReadAction","target":["https:\/\/www.toyotomi.eu\/pt\/blogue\/porque-escolher-portable-air-conditioners\/"]}]},{"@type":"ImageObject","inLanguage":"pt-PT","@id":"https:\/\/www.toyotomi.eu\/pt\/blogue\/porque-escolher-portable-air-conditioners\/#primaryimage","url":"https:\/\/www.toyotomi.eu\/wp-content\/uploads\/2025\/09\/Portable-air-conditioners-toyotomi-europe.jpg","contentUrl":"https:\/\/www.toyotomi.eu\/wp-content\/uploads\/2025\/09\/Portable-air-conditioners-toyotomi-europe.jpg","width":1920,"height":1280},{"@type":"BreadcrumbList","@id":"https:\/\/www.toyotomi.eu\/pt\/blogue\/porque-escolher-portable-air-conditioners\/#breadcrumb","itemListElement":[{"@type":"ListItem","position":1,"name":"In\u00edcio","item":"https:\/\/www.toyotomi.eu\/pt\/"},{"@type":"ListItem","position":2,"name":"Como Manter um Quarto Fresco Sem Ar Condicionado"}]},{"@type":"WebSite","@id":"https:\/\/www.toyotomi.eu\/pt\/#website","url":"https:\/\/www.toyotomi.eu\/pt\/","name":"Toyotomi","description":"","publisher":{"@id":"https:\/\/www.toyotomi.eu\/pt\/#organization"},"potentialAction":[{"@type":"SearchAction","target":{"@type":"EntryPoint","urlTemplate":"https:\/\/www.toyotomi.eu\/pt\/?s={search_term_string}"},"query-input":{"@type":"PropertyValueSpecification","valueRequired":true,"valueName":"search_term_string"}}],"inLanguage":"pt-PT"},{"@type":"Organization","@id":"https:\/\/www.toyotomi.eu\/pt\/#organization","name":"Toyotomi Europe Sales B.V.","alternateName":"Toyotomi","url":"https:\/\/www.toyotomi.eu\/pt\/","logo":{"@type":"ImageObject","inLanguage":"pt-PT","@id":"https:\/\/www.toyotomi.eu\/pt\/#\/schema\/logo\/image\/","url":"https:\/\/www.toyotomi.eu\/wp-content\/uploads\/2025\/10\/logo.png","contentUrl":"https:\/\/www.toyotomi.eu\/wp-content\/uploads\/2025\/10\/logo.png","width":1360,"height":304,"caption":"Toyotomi Europe Sales B.V."},"image":{"@id":"https:\/\/www.toyotomi.eu\/pt\/#\/schema\/logo\/image\/"}},{"@type":"Person","@id":"https:\/\/www.toyotomi.eu\/pt\/#\/schema\/person\/1f5f9541d8cb43bd4c58afbee657120e","name":"Jorg Brinkman"}]}},"_links":{"self":[{"href":"https:\/\/www.toyotomi.eu\/pt\/wp-json\/wp\/v2\/posts\/47042","targetHints":{"allow":["GET"]}}],"collection":[{"href":"https:\/\/www.toyotomi.eu\/pt\/wp-json\/wp\/v2\/posts"}],"about":[{"href":"https:\/\/www.toyotomi.eu\/pt\/wp-json\/wp\/v2\/types\/post"}],"author":[{"embeddable":true,"href":"https:\/\/www.toyotomi.eu\/pt\/wp-json\/wp\/v2\/users\/71"}],"replies":[{"embeddable":true,"href":"https:\/\/www.toyotomi.eu\/pt\/wp-json\/wp\/v2\/comments?post=47042"}],"version-history":[{"count":7,"href":"https:\/\/www.toyotomi.eu\/pt\/wp-json\/wp\/v2\/posts\/47042\/revisions"}],"predecessor-version":[{"id":59524,"href":"https:\/\/www.toyotomi.eu\/pt\/wp-json\/wp\/v2\/posts\/47042\/revisions\/59524"}],"wp:featuredmedia":[{"embeddable":true,"href":"https:\/\/www.toyotomi.eu\/pt\/wp-json\/wp\/v2\/media\/47043"}],"wp:attachment":[{"href":"https:\/\/www.toyotomi.eu\/pt\/wp-json\/wp\/v2\/media?parent=47042"}],"wp:term":[{"taxonomy":"category","embeddable":true,"href":"https:\/\/www.toyotomi.eu\/pt\/wp-json\/wp\/v2\/categories?post=47042"},{"taxonomy":"post_tag","embeddable":true,"href":"https:\/\/www.toyotomi.eu\/pt\/wp-json\/wp\/v2\/tags?post=47042"}],"curies":[{"name":"wp","href":"https:\/\/api.w.org\/{rel}","templated":true}]}}