{"id":56008,"date":"2025-08-22T02:05:08","date_gmt":"2025-08-22T00:05:08","guid":{"rendered":"https:\/\/www.toyotomi.eu\/sin-categoria\/por-que-elegir-aire-acondicionado-portatil\/"},"modified":"2026-01-22T03:25:21","modified_gmt":"2026-01-22T02:25:21","slug":"por-que-elegir-aire-acondicionado-portatil","status":"publish","type":"post","link":"https:\/\/www.toyotomi.eu\/es\/blog\/por-que-elegir-aire-acondicionado-portatil\/","title":{"rendered":"C\u00f3mo mantener una habitaci\u00f3n fresca sin Aire Acondicionado"},"content":{"rendered":"\n<h2 class=\"wp-block-heading\">Soluciones pr\u00e1cticas de refrigeraci\u00f3n para hogares sin aire acondicionado instalado<\/h2>\n\n<p>Durante el verano, muchos hogares en Europa se vuelven r\u00e1pidamente inc\u00f3modos. Los dormitorios atrapan el calor durante la noche, los salones se sienten cargados al mediod\u00eda y trabajar desde casa se vuelve cada vez m\u00e1s dif\u00edcil. Esto es especialmente com\u00fan en apartamentos, edificios antiguos o propiedades alquiladas donde no se instala Aire Acondicionado fijo o dividido.  <\/p>\n\n<p>Mantener una habitaci\u00f3n fresca sin Aire Acondicionado a menudo requiere una combinaci\u00f3n de h\u00e1bitos inteligentes, gesti\u00f3n del flujo de aire y control del calor. Esta gu\u00eda explica c\u00f3mo se acumula el calor en el interior, qu\u00e9 puede hacer de manera realista para reducirlo y cu\u00e1ndo el Aire Acondicionado port\u00e1til se convierte en la soluci\u00f3n m\u00e1s eficaz para mantener el confort. <\/p>\n\n<div class=\"wp-block-essential-blocks-wrapper  root-eb-wrapper-b7fid\"><div class=\"eb-parent-wrapper eb-parent-eb-wrapper-b7fid \"><div class=\"eb-wrapper-outer eb-wrapper-b7fid\"><div class=\"eb-wrapper-inner\"><div class=\"eb-wrapper-inner-blocks eb-wrapper-align-center\">\n<div class=\"wp-block-essential-blocks-row alignfull  root-eb-row-tew7p\"><div class=\"eb-parent-wrapper eb-parent-eb-row-tew7p \"><div class=\"eb-row-root-container eb-row-tew7p\" data-id=\"eb-row-tew7p\"><div class=\"eb-row-wrapper\"><div class=\"eb-row-inner\">\n<div class=\"wp-block-essential-blocks-column  root-eb-column-ytsvd\"><div class=\"eb-parent-wrapper eb-parent-eb-column-ytsvd \"><div class=\"eb-column-wrapper eb-column-ytsvd\"><div class=\"eb-column-inner\">\n<div class=\"wp-block-cover is-light\" style=\"border-top-left-radius:10px;border-top-right-radius:10px;border-bottom-left-radius:10px;border-bottom-right-radius:10px;min-height:550px;aspect-ratio:unset;\"><img loading=\"lazy\" decoding=\"async\" width=\"1920\" height=\"1280\" class=\"wp-block-cover__image-background wp-image-30350 size-full\" alt=\"\" src=\"https:\/\/www.toyotomi.eu\/wp-content\/uploads\/2025\/09\/Portable-air-conditioners-toyotomi-europe.jpg\" style=\"object-position:50% 30%\" data-object-fit=\"cover\" data-object-position=\"50% 30%\" srcset=\"https:\/\/www.toyotomi.eu\/wp-content\/uploads\/2025\/09\/Portable-air-conditioners-toyotomi-europe.jpg 1920w, https:\/\/www.toyotomi.eu\/wp-content\/uploads\/2025\/09\/Portable-air-conditioners-toyotomi-europe-768x512.jpg 768w, https:\/\/www.toyotomi.eu\/wp-content\/uploads\/2025\/09\/Portable-air-conditioners-toyotomi-europe-1536x1024.jpg 1536w, https:\/\/www.toyotomi.eu\/wp-content\/uploads\/2025\/09\/Portable-air-conditioners-toyotomi-europe-990x660.jpg 990w, https:\/\/www.toyotomi.eu\/wp-content\/uploads\/2025\/09\/Portable-air-conditioners-toyotomi-europe-441x294.jpg 441w, https:\/\/www.toyotomi.eu\/wp-content\/uploads\/2025\/09\/Portable-air-conditioners-toyotomi-europe-150x100.jpg 150w\" sizes=\"auto, (max-width: 1920px) 100vw, 1920px\" \/><span aria-hidden=\"true\" class=\"wp-block-cover__background has-background-dim-0 has-background-dim\" style=\"background-color:#a6b8c3\"><\/span><div class=\"wp-block-cover__inner-container has-global-padding is-layout-constrained wp-block-cover-is-layout-constrained\">\n<p class=\"has-text-align-center has-large-font-size\"><\/p>\n<\/div><\/div>\n<\/div><\/div><\/div><\/div>\n<\/div><\/div><\/div><\/div><\/div>\n<\/div><\/div><\/div><\/div><\/div>\n\n<h2 class=\"wp-block-heading\">\u00bfPor qu\u00e9 las habitaciones se sobrecalientan tan f\u00e1cilmente?<\/h2>\n\n<p>Los espacios interiores se calientan m\u00e1s r\u00e1pido de lo que mucha gente espera. La luz solar que entra por las ventanas, el aire c\u00e1lido del exterior, la ventilaci\u00f3n limitada y las actividades cotidianas contribuyen al aumento de las temperaturas interiores. Una vez que el calor queda atrapado en el interior, puede ser dif\u00edcil de eliminar sin refrigeraci\u00f3n activa, especialmente durante per\u00edodos prolongados de altas temperaturas exteriores.  <\/p>\n\n<p>Las razones comunes por las que las habitaciones se sobrecalientan incluyen:<\/p>\n\n<ul class=\"wp-block-list\">\n<li>Luz solar directa a trav\u00e9s de las ventanas<\/li>\n\n\n\n<li>Mala ventilaci\u00f3n nocturna<\/li>\n\n\n\n<li>Calor de la cocina y los electrodom\u00e9sticos<\/li>\n\n\n\n<li>Aire caliente que queda atrapado en edificios sellados<\/li>\n\n\n\n<li>Falta de sistemas de refrigeraci\u00f3n instalados<\/li>\n<\/ul>\n\n<h2 class=\"wp-block-heading\">C\u00f3mo se acumula el calor en el interior<\/h2>\n\n<p>El aire caliente sube de forma natural y queda atrapado dentro de las habitaciones, especialmente en edificios dise\u00f1ados para retener el calor para la eficiencia invernal. Durante el verano, este aislamiento va en contra del confort al evitar que el exceso de calor escape. Las ventanas, las paredes y los techos absorben el calor durante el d\u00eda y lo liberan lentamente en la habitaci\u00f3n hasta bien entrada la noche. Sin suficiente flujo de aire o refrigeraci\u00f3n, las temperaturas permanecen altas durante la noche, afectando al sue\u00f1o y al confort general.   <\/p>\n\n<h2 class=\"wp-block-heading\">Formas a corto plazo de mantener una habitaci\u00f3n fresca sin equipos<\/h2>\n\n<p>Hay varios pasos que pueden ayudar a reducir las temperaturas interiores, especialmente durante un clima de verano suave o moderado.<\/p>\n\n<h3 class=\"wp-block-heading\">Reducir el calor que entra en la habitaci\u00f3n<\/h3>\n\n<ul class=\"wp-block-list\">\n<li>Cierre las cortinas o persianas durante la parte m\u00e1s calurosa del d\u00eda<\/li>\n\n\n\n<li>Utilice cubiertas de ventanas reflectantes u opacas siempre que sea posible<\/li>\n\n\n\n<li>Mantenga las ventanas cerradas cuando las temperaturas exteriores sean m\u00e1s altas que las interiores<\/li>\n<\/ul>\n\n<h3 class=\"wp-block-heading\">Mejorar la ventilaci\u00f3n<\/h3>\n\n<ul class=\"wp-block-list\">\n<li>Ventile temprano por la ma\u00f1ana y tarde por la noche cuando el aire est\u00e9 m\u00e1s fresco<\/li>\n\n\n\n<li>Cree ventilaci\u00f3n cruzada abriendo ventanas en lados opuestos de la casa<\/li>\n\n\n\n<li>Utilice ventiladores para apoyar el flujo de aire y reducir el aire estancado<\/li>\n<\/ul>\n\n<h3 class=\"wp-block-heading\">Limitar las fuentes de calor interiores<\/h3>\n\n<ul class=\"wp-block-list\">\n<li>Evite cocinar durante las horas de m\u00e1ximo calor<\/li>\n\n\n\n<li>Reduzca el uso de electrodom\u00e9sticos que generen calor<\/li>\n\n\n\n<li>Apague los aparatos electr\u00f3nicos y la iluminaci\u00f3n innecesarios<\/li>\n<\/ul>\n\n<p>Estos m\u00e9todos pueden mejorar notablemente el confort, pero a menudo son limitados durante las olas de calor o en habitaciones que reciben una fuerte exposici\u00f3n al sol.<\/p>\n\n<div class=\"wp-block-essential-blocks-wrapper  root-eb-wrapper-kjphl\"><div class=\"eb-parent-wrapper eb-parent-eb-wrapper-kjphl \"><div class=\"eb-wrapper-outer eb-wrapper-kjphl\"><div class=\"eb-wrapper-inner\"><div class=\"eb-wrapper-inner-blocks eb-wrapper-align-center\">\n<div class=\"wp-block-essential-blocks-row alignfull  root-eb-row-fvz5d\"><div class=\"eb-parent-wrapper eb-parent-eb-row-fvz5d \"><div class=\"eb-row-root-container eb-row-fvz5d\" data-id=\"eb-row-fvz5d\"><div class=\"eb-row-wrapper\"><div class=\"eb-row-inner\">\n<div class=\"wp-block-essential-blocks-column  root-eb-column-a7wcn\"><div class=\"eb-parent-wrapper eb-parent-eb-column-a7wcn \"><div class=\"eb-column-wrapper eb-column-a7wcn\"><div class=\"eb-column-inner\">\n<div class=\"wp-block-cover is-light\" style=\"border-top-left-radius:10px;border-top-right-radius:10px;border-bottom-left-radius:10px;border-bottom-right-radius:10px;min-height:550px;aspect-ratio:unset;\"><img loading=\"lazy\" decoding=\"async\" width=\"2048\" height=\"1378\" class=\"wp-block-cover__image-background wp-image-58108 size-full\" alt=\"\" src=\"https:\/\/www.toyotomi.eu\/wp-content\/uploads\/2025\/08\/Toyotomi-Air-Treatment-Banner.jpg\" data-object-fit=\"cover\" srcset=\"https:\/\/www.toyotomi.eu\/wp-content\/uploads\/2025\/08\/Toyotomi-Air-Treatment-Banner.jpg 2048w, https:\/\/www.toyotomi.eu\/wp-content\/uploads\/2025\/08\/Toyotomi-Air-Treatment-Banner-1024x689.jpg 1024w, https:\/\/www.toyotomi.eu\/wp-content\/uploads\/2025\/08\/Toyotomi-Air-Treatment-Banner-1920x1292.jpg 1920w, https:\/\/www.toyotomi.eu\/wp-content\/uploads\/2025\/08\/Toyotomi-Air-Treatment-Banner-768x517.jpg 768w, https:\/\/www.toyotomi.eu\/wp-content\/uploads\/2025\/08\/Toyotomi-Air-Treatment-Banner-1536x1034.jpg 1536w, https:\/\/www.toyotomi.eu\/wp-content\/uploads\/2025\/08\/Toyotomi-Air-Treatment-Banner-990x666.jpg 990w, https:\/\/www.toyotomi.eu\/wp-content\/uploads\/2025\/08\/Toyotomi-Air-Treatment-Banner-441x297.jpg 441w, https:\/\/www.toyotomi.eu\/wp-content\/uploads\/2025\/08\/Toyotomi-Air-Treatment-Banner-150x101.jpg 150w\" sizes=\"auto, (max-width: 2048px) 100vw, 2048px\" \/><span aria-hidden=\"true\" class=\"wp-block-cover__background has-background-dim-0 has-background-dim\" style=\"background-color:#b2aaa5\"><\/span><div class=\"wp-block-cover__inner-container has-global-padding is-layout-constrained wp-block-cover-is-layout-constrained\">\n<p class=\"has-text-align-center has-large-font-size\"><\/p>\n<\/div><\/div>\n<\/div><\/div><\/div><\/div>\n<\/div><\/div><\/div><\/div><\/div>\n<\/div><\/div><\/div><\/div><\/div>\n\n<h2 class=\"wp-block-heading\">Las limitaciones de la refrigeraci\u00f3n sin Aire Acondicionado<\/h2>\n\n<p>Si bien los ventiladores y la ventilaci\u00f3n mejoran el flujo de aire, no reducen la temperatura real del aire. Durante los d\u00edas muy calurosos o las noches c\u00e1lidas, el aire exterior puede permanecer demasiado caliente para proporcionar una refrigeraci\u00f3n significativa. <\/p>\n\n<p>En entornos urbanos, apartamentos en pisos superiores y edificios bien aislados, los m\u00e9todos de refrigeraci\u00f3n pasiva a menudo alcanzan sus l\u00edmites r\u00e1pidamente. Cuando el calor permanece atrapado en el interior durante d\u00edas, mantener una temperatura confortable se vuelve cada vez m\u00e1s dif\u00edcil. <\/p>\n\n<h2 class=\"wp-block-heading\">Cu\u00e1ndo el Aire Acondicionado port\u00e1til se convierte en la mejor soluci\u00f3n<\/h2>\n\n<p>En muchos hogares, \u201csin Aire Acondicionado\u201d significa sin sistemas fijos o divididos. En estas situaciones, los aires acondicionados port\u00e1tiles ofrecen una forma eficaz de enfriar activamente una habitaci\u00f3n sin instalaci\u00f3n permanente. <\/p>\n\n<p>Los aires acondicionados port\u00e1tiles eliminan el aire caliente de la habitaci\u00f3n y lo expulsan al exterior, lo que reduce la temperatura interior real en lugar de simplemente hacer circular el aire. Esto los hace particularmente eficaces durante las olas de calor prolongadas, en los dormitorios por la noche o en espacios donde la ventilaci\u00f3n por s\u00ed sola no es suficiente. Debido a que no requieren cambios estructurales, los aires acondicionados port\u00e1tiles son ideales para propiedades alquiladas, espacios habitables temporales y hogares donde la flexibilidad es importante. Proporcionan refrigeraci\u00f3n espec\u00edfica, habitaci\u00f3n por habitaci\u00f3n, exactamente donde se necesita.   <\/p>\n\n<div class=\"wp-block-essential-blocks-wrapper  root-eb-wrapper-uu4tk\"><div class=\"eb-parent-wrapper eb-parent-eb-wrapper-uu4tk \"><div class=\"eb-wrapper-outer eb-wrapper-uu4tk\"><div class=\"eb-wrapper-inner\"><div class=\"eb-wrapper-inner-blocks eb-wrapper-align-center\">\n<div class=\"wp-block-essential-blocks-row alignfull  root-eb-row-6l8cq\"><div class=\"eb-parent-wrapper eb-parent-eb-row-6l8cq \"><div class=\"eb-row-root-container eb-row-6l8cq\" data-id=\"eb-row-6l8cq\"><div class=\"eb-row-wrapper\"><div class=\"eb-row-inner\">\n<div class=\"wp-block-essential-blocks-column  root-eb-column-pvgur\"><div class=\"eb-parent-wrapper eb-parent-eb-column-pvgur \"><div class=\"eb-column-wrapper eb-column-pvgur\"><div class=\"eb-column-inner\">\n<div class=\"wp-block-cover is-light\" style=\"border-top-left-radius:10px;border-top-right-radius:10px;border-bottom-left-radius:10px;border-bottom-right-radius:10px;min-height:550px;aspect-ratio:unset;\"><img loading=\"lazy\" decoding=\"async\" width=\"1920\" height=\"1280\" class=\"wp-block-cover__image-background wp-image-30350 size-full\" alt=\"\" src=\"https:\/\/www.toyotomi.eu\/wp-content\/uploads\/2025\/09\/Portable-air-conditioners-toyotomi-europe.jpg\" data-object-fit=\"cover\" srcset=\"https:\/\/www.toyotomi.eu\/wp-content\/uploads\/2025\/09\/Portable-air-conditioners-toyotomi-europe.jpg 1920w, https:\/\/www.toyotomi.eu\/wp-content\/uploads\/2025\/09\/Portable-air-conditioners-toyotomi-europe-768x512.jpg 768w, https:\/\/www.toyotomi.eu\/wp-content\/uploads\/2025\/09\/Portable-air-conditioners-toyotomi-europe-1536x1024.jpg 1536w, https:\/\/www.toyotomi.eu\/wp-content\/uploads\/2025\/09\/Portable-air-conditioners-toyotomi-europe-990x660.jpg 990w, https:\/\/www.toyotomi.eu\/wp-content\/uploads\/2025\/09\/Portable-air-conditioners-toyotomi-europe-441x294.jpg 441w, https:\/\/www.toyotomi.eu\/wp-content\/uploads\/2025\/09\/Portable-air-conditioners-toyotomi-europe-150x100.jpg 150w\" sizes=\"auto, (max-width: 1920px) 100vw, 1920px\" \/><span aria-hidden=\"true\" class=\"wp-block-cover__background has-background-dim-0 has-background-dim\" style=\"background-color:#a6b8c3\"><\/span><div class=\"wp-block-cover__inner-container has-global-padding is-layout-constrained wp-block-cover-is-layout-constrained\">\n<p class=\"has-text-align-center has-large-font-size\"><\/p>\n<\/div><\/div>\n<\/div><\/div><\/div><\/div>\n<\/div><\/div><\/div><\/div><\/div>\n<\/div><\/div><\/div><\/div><\/div>\n\n<h2 class=\"wp-block-heading\">Elegir el enfoque de refrigeraci\u00f3n adecuado para su hogar<\/h2>\n\n<p>Mantener una habitaci\u00f3n fresca sin Aire Acondicionado instalado a menudo implica combinar varias estrategias. La sombra, la ventilaci\u00f3n y la reducci\u00f3n de las fuentes de calor internas pueden mejorar significativamente el confort durante condiciones m\u00e1s suaves. <\/p>\n\n<p>Cuando las temperaturas permanecen constantemente altas, los aires acondicionados port\u00e1tiles proporcionan la soluci\u00f3n m\u00e1s fiable para mantener ambientes interiores confortables sin instalar sistemas fijos. Comprender los l\u00edmites de la refrigeraci\u00f3n pasiva ayuda a establecer expectativas realistas y garantiza un mejor confort durante todo el verano. <\/p>\n\n<h2 class=\"wp-block-heading\">Un ambiente interior m\u00e1s fresco y confortable<\/h2>\n\n<p>Mantenerse fresco en el interior es esencial para el confort, la calidad del sue\u00f1o y el bienestar general durante el verano. Si bien las medidas simples pueden ayudar a reducir la acumulaci\u00f3n de calor, no siempre son suficientes durante un clima c\u00e1lido extremo o prolongado. El Aire Acondicionado port\u00e1til ofrece una forma pr\u00e1ctica y eficaz de enfriar las habitaciones sin instalaci\u00f3n fija, lo que la convierte en una soluci\u00f3n ideal para hogares sin sistemas integrados.  <\/p>\n\n<h2 class=\"wp-block-heading\"><strong>Descubra las soluciones de refrigeraci\u00f3n port\u00e1tiles<\/strong>:<\/h2>\n\n<div class=\"woocommerce ywcps-product-slider\">\n\t\t<div class=\"ywcps-wrapper\"  data-n_items=\"4\" data-is_loop=\"true\" data-pag_speed=\"800\" data-auto_play=\"5000\" data-stop_hov=\"false\" data-show_nav=\"false\" data-is_rtl=\"false\" data-anim_in=\"\" data-anim_out=\"\" data-anim_speed=\"450\" data-show_dot_nav=\"true\" data-columns=\"6\" data-slide_by=\"1\" data-en_responsive=\"true\" data-n_item_desk_small=\"4\" data-n_item_tablet=\"2\" data-n_item_mobile=\"1\"  >\n\t\t<div class=\"ywcps-slider \"style=\"visibility:hidden;\">\n\t\t\t<ul class=\"ywcps-products products ywcps_products_slider owl-carousel\" >\n\t\t\t\t<li class=\"product type-product post-45904 status-publish first instock product_cat-aire-acondicionado-portatil has-post-thumbnail taxable shipping-taxable product-type-simple\">\n\t<a href=\"https:\/\/www.toyotomi.eu\/es\/producto\/toyotomi-tad-2220e\/\" class=\"woocommerce-LoopProduct-link woocommerce-loop-product__link\"><div class=\"woocommerce-image__wrapper\"><a href=\"https:\/\/www.toyotomi.eu\/es\/producto\/toyotomi-tad-2220e\/\" title=\"Toyotomi TAD-2220E\" class=\"woocommerce-LoopProduct-link woocommerce-loop-product__link\"><div class=\"shoptimizer-plp-carousel-container\"><div class=\"shoptimizer-plp-image-wrapper\"><img loading=\"lazy\" decoding=\"async\" width=\"2560\" height=\"2560\" src=\"https:\/\/www.toyotomi.eu\/wp-content\/uploads\/2025\/01\/PIC_TOYOTOMI-TAD_right_2560x2560.png\" class=\"attachment-woocommerce_thumbnail size-woocommerce_thumbnail\" alt=\"Toyotomi TAD-2220E\" srcset=\"https:\/\/www.toyotomi.eu\/wp-content\/uploads\/2025\/01\/PIC_TOYOTOMI-TAD_right_2560x2560.png 2560w, https:\/\/www.toyotomi.eu\/wp-content\/uploads\/2025\/01\/PIC_TOYOTOMI-TAD_right_2560x2560-1024x1024.png 1024w, https:\/\/www.toyotomi.eu\/wp-content\/uploads\/2025\/01\/PIC_TOYOTOMI-TAD_right_2560x2560-1920x1920.png 1920w, https:\/\/www.toyotomi.eu\/wp-content\/uploads\/2025\/01\/PIC_TOYOTOMI-TAD_right_2560x2560-300x300.png 300w, https:\/\/www.toyotomi.eu\/wp-content\/uploads\/2025\/01\/PIC_TOYOTOMI-TAD_right_2560x2560-768x768.png 768w, https:\/\/www.toyotomi.eu\/wp-content\/uploads\/2025\/01\/PIC_TOYOTOMI-TAD_right_2560x2560-1536x1536.png 1536w, https:\/\/www.toyotomi.eu\/wp-content\/uploads\/2025\/01\/PIC_TOYOTOMI-TAD_right_2560x2560-2048x2048.png 2048w, https:\/\/www.toyotomi.eu\/wp-content\/uploads\/2025\/01\/PIC_TOYOTOMI-TAD_right_2560x2560-990x990.png 990w, https:\/\/www.toyotomi.eu\/wp-content\/uploads\/2025\/01\/PIC_TOYOTOMI-TAD_right_2560x2560-441x441.png 441w, https:\/\/www.toyotomi.eu\/wp-content\/uploads\/2025\/01\/PIC_TOYOTOMI-TAD_right_2560x2560-100x100.png 100w, https:\/\/www.toyotomi.eu\/wp-content\/uploads\/2025\/01\/PIC_TOYOTOMI-TAD_right_2560x2560-150x150.png 150w\" sizes=\"auto, (max-width: 360px) 147px, (max-width: 2560px) 100vw, 2560px\" \/>\t\t\t\n\t<\/div><\/div><\/a><\/div><div class=\"woocommerce-card__header\">\t\t\t\t\t<p class=\"product__categories\"><a href=\"https:\/\/www.toyotomi.eu\/es\/categoria\/tratamiento-del-aire\/aire-acondicionado-portatil\/\" rel=\"tag\">Aires acondicionados port\u00e1tiles<\/a><\/p>\t\t\t\t<div class=\"woocommerce-loop-product__title\"><a tabindex=\"0\" href=\"https:\/\/www.toyotomi.eu\/es\/producto\/toyotomi-tad-2220e\/\" aria-label=\"Toyotomi TAD-2220E\" class=\"woocommerce-LoopProduct-link woocommerce-loop-product__link\">Toyotomi TAD-2220E<\/a><\/div><div class=\"cgkit-as-variation-price \">\n<\/div><\/a><a href=\"https:\/\/www.toyotomi.eu\/es\/producto\/toyotomi-tad-2220e\/\" aria-describedby=\"woocommerce_loop_add_to_cart_link_describedby_45904\" data-quantity=\"1\" class=\"button product_type_simple\" data-product_id=\"45904\" data-product_sku=\"4963505830328\" aria-label=\"Lee m\u00e1s sobre &ldquo;Toyotomi TAD-2220E&rdquo;\" rel=\"nofollow\" data-success_message=\"\">Leer m\u00e1s<\/a>\t<span id=\"woocommerce_loop_add_to_cart_link_describedby_45904\" class=\"screen-reader-text\">\n\t\t\t<\/span>\n<\/div><\/li>\n<li class=\"product type-product post-45863 status-publish instock product_cat-aire-acondicionado-portatil has-post-thumbnail taxable shipping-taxable product-type-simple\">\n\t<a href=\"https:\/\/www.toyotomi.eu\/es\/producto\/toyotomi-tad-2226e\/\" class=\"woocommerce-LoopProduct-link woocommerce-loop-product__link\"><div class=\"woocommerce-image__wrapper\"><a href=\"https:\/\/www.toyotomi.eu\/es\/producto\/toyotomi-tad-2226e\/\" title=\"Toyotomi TAD-2226E\" class=\"woocommerce-LoopProduct-link woocommerce-loop-product__link\"><div class=\"shoptimizer-plp-carousel-container\"><div class=\"shoptimizer-plp-image-wrapper\"><img loading=\"lazy\" decoding=\"async\" width=\"2560\" height=\"2560\" src=\"https:\/\/www.toyotomi.eu\/wp-content\/uploads\/2025\/01\/PIC_TOYOTOMI-TAD_right_2560x2560.png\" class=\"attachment-woocommerce_thumbnail size-woocommerce_thumbnail\" alt=\"Toyotomi TAD-2226E\" srcset=\"https:\/\/www.toyotomi.eu\/wp-content\/uploads\/2025\/01\/PIC_TOYOTOMI-TAD_right_2560x2560.png 2560w, https:\/\/www.toyotomi.eu\/wp-content\/uploads\/2025\/01\/PIC_TOYOTOMI-TAD_right_2560x2560-1024x1024.png 1024w, https:\/\/www.toyotomi.eu\/wp-content\/uploads\/2025\/01\/PIC_TOYOTOMI-TAD_right_2560x2560-1920x1920.png 1920w, https:\/\/www.toyotomi.eu\/wp-content\/uploads\/2025\/01\/PIC_TOYOTOMI-TAD_right_2560x2560-300x300.png 300w, https:\/\/www.toyotomi.eu\/wp-content\/uploads\/2025\/01\/PIC_TOYOTOMI-TAD_right_2560x2560-768x768.png 768w, https:\/\/www.toyotomi.eu\/wp-content\/uploads\/2025\/01\/PIC_TOYOTOMI-TAD_right_2560x2560-1536x1536.png 1536w, https:\/\/www.toyotomi.eu\/wp-content\/uploads\/2025\/01\/PIC_TOYOTOMI-TAD_right_2560x2560-2048x2048.png 2048w, https:\/\/www.toyotomi.eu\/wp-content\/uploads\/2025\/01\/PIC_TOYOTOMI-TAD_right_2560x2560-990x990.png 990w, https:\/\/www.toyotomi.eu\/wp-content\/uploads\/2025\/01\/PIC_TOYOTOMI-TAD_right_2560x2560-441x441.png 441w, https:\/\/www.toyotomi.eu\/wp-content\/uploads\/2025\/01\/PIC_TOYOTOMI-TAD_right_2560x2560-100x100.png 100w, https:\/\/www.toyotomi.eu\/wp-content\/uploads\/2025\/01\/PIC_TOYOTOMI-TAD_right_2560x2560-150x150.png 150w\" sizes=\"auto, (max-width: 360px) 147px, (max-width: 2560px) 100vw, 2560px\" \/>\t\t\t\n\t<\/div><\/div><\/a><\/div><div class=\"woocommerce-card__header\">\t\t\t\t\t<p class=\"product__categories\"><a href=\"https:\/\/www.toyotomi.eu\/es\/categoria\/tratamiento-del-aire\/aire-acondicionado-portatil\/\" rel=\"tag\">Aires acondicionados port\u00e1tiles<\/a><\/p>\t\t\t\t<div class=\"woocommerce-loop-product__title\"><a tabindex=\"0\" href=\"https:\/\/www.toyotomi.eu\/es\/producto\/toyotomi-tad-2226e\/\" aria-label=\"Toyotomi TAD-2226E\" class=\"woocommerce-LoopProduct-link woocommerce-loop-product__link\">Toyotomi TAD-2226E<\/a><\/div><div class=\"cgkit-as-variation-price \">\n<\/div><\/a><a href=\"https:\/\/www.toyotomi.eu\/es\/producto\/toyotomi-tad-2226e\/\" aria-describedby=\"woocommerce_loop_add_to_cart_link_describedby_45863\" data-quantity=\"1\" class=\"button product_type_simple\" data-product_id=\"45863\" data-product_sku=\"4963505830335\" aria-label=\"Lee m\u00e1s sobre &ldquo;Toyotomi TAD-2226E&rdquo;\" rel=\"nofollow\" data-success_message=\"\">Leer m\u00e1s<\/a>\t<span id=\"woocommerce_loop_add_to_cart_link_describedby_45863\" class=\"screen-reader-text\">\n\t\t\t<\/span>\n<\/div><\/li>\n<li class=\"product type-product post-45844 status-publish last instock product_cat-aire-acondicionado-portatil has-post-thumbnail taxable shipping-taxable product-type-simple\">\n\t<a href=\"https:\/\/www.toyotomi.eu\/es\/producto\/toyotomi-tad-2229e\/\" class=\"woocommerce-LoopProduct-link woocommerce-loop-product__link\"><div class=\"woocommerce-image__wrapper\"><a href=\"https:\/\/www.toyotomi.eu\/es\/producto\/toyotomi-tad-2229e\/\" title=\"Toyotomi TAD-2229E\" class=\"woocommerce-LoopProduct-link woocommerce-loop-product__link\"><div class=\"shoptimizer-plp-carousel-container\"><div class=\"shoptimizer-plp-image-wrapper\"><img loading=\"lazy\" decoding=\"async\" width=\"2560\" height=\"2560\" src=\"https:\/\/www.toyotomi.eu\/wp-content\/uploads\/2025\/01\/PIC_TOYOTOMI-TAD_right_2560x2560.png\" class=\"attachment-woocommerce_thumbnail size-woocommerce_thumbnail\" alt=\"Toyotomi TAD-2229E\" srcset=\"https:\/\/www.toyotomi.eu\/wp-content\/uploads\/2025\/01\/PIC_TOYOTOMI-TAD_right_2560x2560.png 2560w, https:\/\/www.toyotomi.eu\/wp-content\/uploads\/2025\/01\/PIC_TOYOTOMI-TAD_right_2560x2560-1024x1024.png 1024w, https:\/\/www.toyotomi.eu\/wp-content\/uploads\/2025\/01\/PIC_TOYOTOMI-TAD_right_2560x2560-1920x1920.png 1920w, https:\/\/www.toyotomi.eu\/wp-content\/uploads\/2025\/01\/PIC_TOYOTOMI-TAD_right_2560x2560-300x300.png 300w, https:\/\/www.toyotomi.eu\/wp-content\/uploads\/2025\/01\/PIC_TOYOTOMI-TAD_right_2560x2560-768x768.png 768w, https:\/\/www.toyotomi.eu\/wp-content\/uploads\/2025\/01\/PIC_TOYOTOMI-TAD_right_2560x2560-1536x1536.png 1536w, https:\/\/www.toyotomi.eu\/wp-content\/uploads\/2025\/01\/PIC_TOYOTOMI-TAD_right_2560x2560-2048x2048.png 2048w, https:\/\/www.toyotomi.eu\/wp-content\/uploads\/2025\/01\/PIC_TOYOTOMI-TAD_right_2560x2560-990x990.png 990w, https:\/\/www.toyotomi.eu\/wp-content\/uploads\/2025\/01\/PIC_TOYOTOMI-TAD_right_2560x2560-441x441.png 441w, https:\/\/www.toyotomi.eu\/wp-content\/uploads\/2025\/01\/PIC_TOYOTOMI-TAD_right_2560x2560-100x100.png 100w, https:\/\/www.toyotomi.eu\/wp-content\/uploads\/2025\/01\/PIC_TOYOTOMI-TAD_right_2560x2560-150x150.png 150w\" sizes=\"auto, (max-width: 360px) 147px, (max-width: 2560px) 100vw, 2560px\" \/>\t\t\t\n\t<\/div><\/div><\/a><\/div><div class=\"woocommerce-card__header\">\t\t\t\t\t<p class=\"product__categories\"><a href=\"https:\/\/www.toyotomi.eu\/es\/categoria\/tratamiento-del-aire\/aire-acondicionado-portatil\/\" rel=\"tag\">Aires acondicionados port\u00e1tiles<\/a><\/p>\t\t\t\t<div class=\"woocommerce-loop-product__title\"><a tabindex=\"0\" href=\"https:\/\/www.toyotomi.eu\/es\/producto\/toyotomi-tad-2229e\/\" aria-label=\"Toyotomi TAD-2229E\" class=\"woocommerce-LoopProduct-link woocommerce-loop-product__link\">Toyotomi TAD-2229E<\/a><\/div><div class=\"cgkit-as-variation-price \">\n<\/div><\/a><a href=\"https:\/\/www.toyotomi.eu\/es\/producto\/toyotomi-tad-2229e\/\" aria-describedby=\"woocommerce_loop_add_to_cart_link_describedby_45844\" data-quantity=\"1\" class=\"button product_type_simple\" data-product_id=\"45844\" data-product_sku=\"4963505830342\" aria-label=\"Lee m\u00e1s sobre &ldquo;Toyotomi TAD-2229E&rdquo;\" rel=\"nofollow\" data-success_message=\"\">Leer m\u00e1s<\/a>\t<span id=\"woocommerce_loop_add_to_cart_link_describedby_45844\" class=\"screen-reader-text\">\n\t\t\t<\/span>\n<\/div><\/li>\n<li class=\"product type-product post-45828 status-publish first instock product_cat-aire-acondicionado-portatil has-post-thumbnail taxable shipping-taxable product-type-simple\">\n\t<a href=\"https:\/\/www.toyotomi.eu\/es\/producto\/toyotomi-tad-2235e\/\" class=\"woocommerce-LoopProduct-link woocommerce-loop-product__link\"><div class=\"woocommerce-image__wrapper\"><a href=\"https:\/\/www.toyotomi.eu\/es\/producto\/toyotomi-tad-2235e\/\" title=\"Toyotomi TAD-2235E\" class=\"woocommerce-LoopProduct-link woocommerce-loop-product__link\"><div class=\"shoptimizer-plp-carousel-container\"><div class=\"shoptimizer-plp-image-wrapper\"><img loading=\"lazy\" decoding=\"async\" width=\"2560\" height=\"2560\" src=\"https:\/\/www.toyotomi.eu\/wp-content\/uploads\/2025\/01\/PIC_TOYOTOMI-TAD_right_2560x2560.png\" class=\"attachment-woocommerce_thumbnail size-woocommerce_thumbnail\" alt=\"Toyotomi TAD-2235E\" srcset=\"https:\/\/www.toyotomi.eu\/wp-content\/uploads\/2025\/01\/PIC_TOYOTOMI-TAD_right_2560x2560.png 2560w, https:\/\/www.toyotomi.eu\/wp-content\/uploads\/2025\/01\/PIC_TOYOTOMI-TAD_right_2560x2560-1024x1024.png 1024w, https:\/\/www.toyotomi.eu\/wp-content\/uploads\/2025\/01\/PIC_TOYOTOMI-TAD_right_2560x2560-1920x1920.png 1920w, https:\/\/www.toyotomi.eu\/wp-content\/uploads\/2025\/01\/PIC_TOYOTOMI-TAD_right_2560x2560-300x300.png 300w, https:\/\/www.toyotomi.eu\/wp-content\/uploads\/2025\/01\/PIC_TOYOTOMI-TAD_right_2560x2560-768x768.png 768w, https:\/\/www.toyotomi.eu\/wp-content\/uploads\/2025\/01\/PIC_TOYOTOMI-TAD_right_2560x2560-1536x1536.png 1536w, https:\/\/www.toyotomi.eu\/wp-content\/uploads\/2025\/01\/PIC_TOYOTOMI-TAD_right_2560x2560-2048x2048.png 2048w, https:\/\/www.toyotomi.eu\/wp-content\/uploads\/2025\/01\/PIC_TOYOTOMI-TAD_right_2560x2560-990x990.png 990w, https:\/\/www.toyotomi.eu\/wp-content\/uploads\/2025\/01\/PIC_TOYOTOMI-TAD_right_2560x2560-441x441.png 441w, https:\/\/www.toyotomi.eu\/wp-content\/uploads\/2025\/01\/PIC_TOYOTOMI-TAD_right_2560x2560-100x100.png 100w, https:\/\/www.toyotomi.eu\/wp-content\/uploads\/2025\/01\/PIC_TOYOTOMI-TAD_right_2560x2560-150x150.png 150w\" sizes=\"auto, (max-width: 360px) 147px, (max-width: 2560px) 100vw, 2560px\" \/>\t\t\t\n\t<\/div><\/div><\/a><\/div><div class=\"woocommerce-card__header\">\t\t\t\t\t<p class=\"product__categories\"><a href=\"https:\/\/www.toyotomi.eu\/es\/categoria\/tratamiento-del-aire\/aire-acondicionado-portatil\/\" rel=\"tag\">Aires acondicionados port\u00e1tiles<\/a><\/p>\t\t\t\t<div class=\"woocommerce-loop-product__title\"><a tabindex=\"0\" href=\"https:\/\/www.toyotomi.eu\/es\/producto\/toyotomi-tad-2235e\/\" aria-label=\"Toyotomi TAD-2235E\" class=\"woocommerce-LoopProduct-link woocommerce-loop-product__link\">Toyotomi TAD-2235E<\/a><\/div><div class=\"cgkit-as-variation-price \">\n<\/div><\/a><a href=\"https:\/\/www.toyotomi.eu\/es\/producto\/toyotomi-tad-2235e\/\" aria-describedby=\"woocommerce_loop_add_to_cart_link_describedby_45828\" data-quantity=\"1\" class=\"button product_type_simple\" data-product_id=\"45828\" data-product_sku=\"4963505830359\" aria-label=\"Lee m\u00e1s sobre &ldquo;Toyotomi TAD-2235E&rdquo;\" rel=\"nofollow\" data-success_message=\"\">Leer m\u00e1s<\/a>\t<span id=\"woocommerce_loop_add_to_cart_link_describedby_45828\" class=\"screen-reader-text\">\n\t\t\t<\/span>\n<\/div><\/li>\n<li class=\"product type-product post-58598 status-publish instock product_cat-aire-acondicionado-portatil has-post-thumbnail taxable shipping-taxable product-type-simple\">\n\t<a href=\"https:\/\/www.toyotomi.eu\/es\/producto\/toyotomi-tad-2320\/\" class=\"woocommerce-LoopProduct-link woocommerce-loop-product__link\"><div class=\"woocommerce-image__wrapper\"><a href=\"https:\/\/www.toyotomi.eu\/es\/producto\/toyotomi-tad-2320\/\" title=\"Toyotomi TAD-2320\" class=\"woocommerce-LoopProduct-link woocommerce-loop-product__link\"><div class=\"shoptimizer-plp-carousel-container\"><div class=\"shoptimizer-plp-image-wrapper\"><img loading=\"lazy\" decoding=\"async\" width=\"2560\" height=\"2560\" src=\"https:\/\/www.toyotomi.eu\/wp-content\/uploads\/2026\/01\/PIC_TOYOTOMI-TAD-23_front-right_2560x2560.png\" class=\"attachment-woocommerce_thumbnail size-woocommerce_thumbnail\" alt=\"Aire acondicionado port\u00e1til de alta eficiencia con ajustes regulables y mando a distancia.\" srcset=\"https:\/\/www.toyotomi.eu\/wp-content\/uploads\/2026\/01\/PIC_TOYOTOMI-TAD-23_front-right_2560x2560.png 2560w, https:\/\/www.toyotomi.eu\/wp-content\/uploads\/2026\/01\/PIC_TOYOTOMI-TAD-23_front-right_2560x2560-1024x1024.png 1024w, https:\/\/www.toyotomi.eu\/wp-content\/uploads\/2026\/01\/PIC_TOYOTOMI-TAD-23_front-right_2560x2560-1920x1920.png 1920w, https:\/\/www.toyotomi.eu\/wp-content\/uploads\/2026\/01\/PIC_TOYOTOMI-TAD-23_front-right_2560x2560-300x300.png 300w, https:\/\/www.toyotomi.eu\/wp-content\/uploads\/2026\/01\/PIC_TOYOTOMI-TAD-23_front-right_2560x2560-768x768.png 768w, https:\/\/www.toyotomi.eu\/wp-content\/uploads\/2026\/01\/PIC_TOYOTOMI-TAD-23_front-right_2560x2560-1536x1536.png 1536w, https:\/\/www.toyotomi.eu\/wp-content\/uploads\/2026\/01\/PIC_TOYOTOMI-TAD-23_front-right_2560x2560-2048x2048.png 2048w, https:\/\/www.toyotomi.eu\/wp-content\/uploads\/2026\/01\/PIC_TOYOTOMI-TAD-23_front-right_2560x2560-990x990.png 990w, https:\/\/www.toyotomi.eu\/wp-content\/uploads\/2026\/01\/PIC_TOYOTOMI-TAD-23_front-right_2560x2560-441x441.png 441w, https:\/\/www.toyotomi.eu\/wp-content\/uploads\/2026\/01\/PIC_TOYOTOMI-TAD-23_front-right_2560x2560-100x100.png 100w, https:\/\/www.toyotomi.eu\/wp-content\/uploads\/2026\/01\/PIC_TOYOTOMI-TAD-23_front-right_2560x2560-150x150.png 150w\" sizes=\"auto, (max-width: 360px) 147px, (max-width: 2560px) 100vw, 2560px\" \/>\t\t\t\n\t<\/div><\/div><\/a><\/div><div class=\"woocommerce-card__header\">\t\t\t\t\t<p class=\"product__categories\"><a href=\"https:\/\/www.toyotomi.eu\/es\/categoria\/tratamiento-del-aire\/aire-acondicionado-portatil\/\" rel=\"tag\">Aires acondicionados port\u00e1tiles<\/a><\/p>\t\t\t\t<div class=\"woocommerce-loop-product__title\"><a tabindex=\"0\" href=\"https:\/\/www.toyotomi.eu\/es\/producto\/toyotomi-tad-2320\/\" aria-label=\"Toyotomi TAD-2320\" class=\"woocommerce-LoopProduct-link woocommerce-loop-product__link\">Toyotomi TAD-2320<\/a><\/div><div class=\"cgkit-as-variation-price \">\n<\/div><\/a><a href=\"https:\/\/www.toyotomi.eu\/es\/producto\/toyotomi-tad-2320\/\" aria-describedby=\"woocommerce_loop_add_to_cart_link_describedby_58598\" data-quantity=\"1\" class=\"button product_type_simple\" data-product_id=\"58598\" data-product_sku=\"4963505831059\" aria-label=\"Lee m\u00e1s sobre &ldquo;Toyotomi TAD-2320&rdquo;\" rel=\"nofollow\" data-success_message=\"\">Leer m\u00e1s<\/a>\t<span id=\"woocommerce_loop_add_to_cart_link_describedby_58598\" class=\"screen-reader-text\">\n\t\t\t<\/span>\n<\/div><\/li>\n<li class=\"product type-product post-54531 status-publish last instock product_cat-aire-acondicionado-portatil has-post-thumbnail taxable shipping-taxable product-type-simple\">\n\t<a href=\"https:\/\/www.toyotomi.eu\/es\/producto\/toyotomi-tad-2326hp\/\" class=\"woocommerce-LoopProduct-link woocommerce-loop-product__link\"><div class=\"woocommerce-image__wrapper\"><a href=\"https:\/\/www.toyotomi.eu\/es\/producto\/toyotomi-tad-2326hp\/\" title=\"Toyotomi TAD-2326HP\" class=\"woocommerce-LoopProduct-link woocommerce-loop-product__link\"><div class=\"shoptimizer-plp-carousel-container\"><div class=\"shoptimizer-plp-image-wrapper\"><img loading=\"lazy\" decoding=\"async\" width=\"2560\" height=\"2560\" src=\"https:\/\/www.toyotomi.eu\/wp-content\/uploads\/2026\/01\/PIC_TOYOTOMI-TAD-23_front-right_2560x2560.png\" class=\"attachment-woocommerce_thumbnail size-woocommerce_thumbnail\" alt=\"Aire acondicionado port\u00e1til de alta eficiencia con ajustes regulables y mando a distancia.\" srcset=\"https:\/\/www.toyotomi.eu\/wp-content\/uploads\/2026\/01\/PIC_TOYOTOMI-TAD-23_front-right_2560x2560.png 2560w, https:\/\/www.toyotomi.eu\/wp-content\/uploads\/2026\/01\/PIC_TOYOTOMI-TAD-23_front-right_2560x2560-1024x1024.png 1024w, https:\/\/www.toyotomi.eu\/wp-content\/uploads\/2026\/01\/PIC_TOYOTOMI-TAD-23_front-right_2560x2560-1920x1920.png 1920w, https:\/\/www.toyotomi.eu\/wp-content\/uploads\/2026\/01\/PIC_TOYOTOMI-TAD-23_front-right_2560x2560-300x300.png 300w, https:\/\/www.toyotomi.eu\/wp-content\/uploads\/2026\/01\/PIC_TOYOTOMI-TAD-23_front-right_2560x2560-768x768.png 768w, https:\/\/www.toyotomi.eu\/wp-content\/uploads\/2026\/01\/PIC_TOYOTOMI-TAD-23_front-right_2560x2560-1536x1536.png 1536w, https:\/\/www.toyotomi.eu\/wp-content\/uploads\/2026\/01\/PIC_TOYOTOMI-TAD-23_front-right_2560x2560-2048x2048.png 2048w, https:\/\/www.toyotomi.eu\/wp-content\/uploads\/2026\/01\/PIC_TOYOTOMI-TAD-23_front-right_2560x2560-990x990.png 990w, https:\/\/www.toyotomi.eu\/wp-content\/uploads\/2026\/01\/PIC_TOYOTOMI-TAD-23_front-right_2560x2560-441x441.png 441w, https:\/\/www.toyotomi.eu\/wp-content\/uploads\/2026\/01\/PIC_TOYOTOMI-TAD-23_front-right_2560x2560-100x100.png 100w, https:\/\/www.toyotomi.eu\/wp-content\/uploads\/2026\/01\/PIC_TOYOTOMI-TAD-23_front-right_2560x2560-150x150.png 150w\" sizes=\"auto, (max-width: 360px) 147px, (max-width: 2560px) 100vw, 2560px\" \/>\t\t\t\n\t<\/div><\/div><\/a><\/div><div class=\"woocommerce-card__header\">\t\t\t\t\t<p class=\"product__categories\"><a href=\"https:\/\/www.toyotomi.eu\/es\/categoria\/tratamiento-del-aire\/aire-acondicionado-portatil\/\" rel=\"tag\">Aires acondicionados port\u00e1tiles<\/a><\/p>\t\t\t\t<div class=\"woocommerce-loop-product__title\"><a tabindex=\"0\" href=\"https:\/\/www.toyotomi.eu\/es\/producto\/toyotomi-tad-2326hp\/\" aria-label=\"Toyotomi TAD-2326HP\" class=\"woocommerce-LoopProduct-link woocommerce-loop-product__link\">Toyotomi TAD-2326HP<\/a><\/div><div class=\"cgkit-as-variation-price \">\n<\/div><\/a><a href=\"https:\/\/www.toyotomi.eu\/es\/producto\/toyotomi-tad-2326hp\/\" aria-describedby=\"woocommerce_loop_add_to_cart_link_describedby_54531\" data-quantity=\"1\" class=\"button product_type_simple\" data-product_id=\"54531\" data-product_sku=\"4963505831080\" aria-label=\"Lee m\u00e1s sobre &ldquo;Toyotomi TAD-2326HP&rdquo;\" rel=\"nofollow\" data-success_message=\"\">Leer m\u00e1s<\/a>\t<span id=\"woocommerce_loop_add_to_cart_link_describedby_54531\" class=\"screen-reader-text\">\n\t\t\t<\/span>\n<\/div><\/li>\n<li class=\"product type-product post-54680 status-publish first instock product_cat-aire-acondicionado-portatil has-post-thumbnail taxable shipping-taxable product-type-simple\">\n\t<a href=\"https:\/\/www.toyotomi.eu\/es\/producto\/toyotomi-tad-2335hp\/\" class=\"woocommerce-LoopProduct-link woocommerce-loop-product__link\"><div class=\"woocommerce-image__wrapper\"><a href=\"https:\/\/www.toyotomi.eu\/es\/producto\/toyotomi-tad-2335hp\/\" title=\"Toyotomi TAD-2335HP\" class=\"woocommerce-LoopProduct-link woocommerce-loop-product__link\"><div class=\"shoptimizer-plp-carousel-container\"><div class=\"shoptimizer-plp-image-wrapper\"><img loading=\"lazy\" decoding=\"async\" width=\"2560\" height=\"2560\" src=\"https:\/\/www.toyotomi.eu\/wp-content\/uploads\/2026\/01\/PIC_TOYOTOMI-TAD-23_front-right_2560x2560.png\" class=\"attachment-woocommerce_thumbnail size-woocommerce_thumbnail\" alt=\"Aire acondicionado port\u00e1til de alta eficiencia con ajustes regulables y mando a distancia.\" srcset=\"https:\/\/www.toyotomi.eu\/wp-content\/uploads\/2026\/01\/PIC_TOYOTOMI-TAD-23_front-right_2560x2560.png 2560w, https:\/\/www.toyotomi.eu\/wp-content\/uploads\/2026\/01\/PIC_TOYOTOMI-TAD-23_front-right_2560x2560-1024x1024.png 1024w, https:\/\/www.toyotomi.eu\/wp-content\/uploads\/2026\/01\/PIC_TOYOTOMI-TAD-23_front-right_2560x2560-1920x1920.png 1920w, https:\/\/www.toyotomi.eu\/wp-content\/uploads\/2026\/01\/PIC_TOYOTOMI-TAD-23_front-right_2560x2560-300x300.png 300w, https:\/\/www.toyotomi.eu\/wp-content\/uploads\/2026\/01\/PIC_TOYOTOMI-TAD-23_front-right_2560x2560-768x768.png 768w, https:\/\/www.toyotomi.eu\/wp-content\/uploads\/2026\/01\/PIC_TOYOTOMI-TAD-23_front-right_2560x2560-1536x1536.png 1536w, https:\/\/www.toyotomi.eu\/wp-content\/uploads\/2026\/01\/PIC_TOYOTOMI-TAD-23_front-right_2560x2560-2048x2048.png 2048w, https:\/\/www.toyotomi.eu\/wp-content\/uploads\/2026\/01\/PIC_TOYOTOMI-TAD-23_front-right_2560x2560-990x990.png 990w, https:\/\/www.toyotomi.eu\/wp-content\/uploads\/2026\/01\/PIC_TOYOTOMI-TAD-23_front-right_2560x2560-441x441.png 441w, https:\/\/www.toyotomi.eu\/wp-content\/uploads\/2026\/01\/PIC_TOYOTOMI-TAD-23_front-right_2560x2560-100x100.png 100w, https:\/\/www.toyotomi.eu\/wp-content\/uploads\/2026\/01\/PIC_TOYOTOMI-TAD-23_front-right_2560x2560-150x150.png 150w\" sizes=\"auto, (max-width: 360px) 147px, (max-width: 2560px) 100vw, 2560px\" \/>\t\t\t\n\t<\/div><\/div><\/a><\/div><div class=\"woocommerce-card__header\">\t\t\t\t\t<p class=\"product__categories\"><a href=\"https:\/\/www.toyotomi.eu\/es\/categoria\/tratamiento-del-aire\/aire-acondicionado-portatil\/\" rel=\"tag\">Aires acondicionados port\u00e1tiles<\/a><\/p>\t\t\t\t<div class=\"woocommerce-loop-product__title\"><a tabindex=\"0\" href=\"https:\/\/www.toyotomi.eu\/es\/producto\/toyotomi-tad-2335hp\/\" aria-label=\"Toyotomi TAD-2335HP\" class=\"woocommerce-LoopProduct-link woocommerce-loop-product__link\">Toyotomi TAD-2335HP<\/a><\/div><div class=\"cgkit-as-variation-price \">\n<\/div><\/a><a href=\"https:\/\/www.toyotomi.eu\/es\/producto\/toyotomi-tad-2335hp\/\" aria-describedby=\"woocommerce_loop_add_to_cart_link_describedby_54680\" data-quantity=\"1\" class=\"button product_type_simple\" data-product_id=\"54680\" data-product_sku=\"4963505831097\" aria-label=\"Lee m\u00e1s sobre &ldquo;Toyotomi TAD-2335HP&rdquo;\" rel=\"nofollow\" data-success_message=\"\">Leer m\u00e1s<\/a>\t<span id=\"woocommerce_loop_add_to_cart_link_describedby_54680\" class=\"screen-reader-text\">\n\t\t\t<\/span>\n<\/div><\/li>\n\t\t\t<\/ul>\n\t\t<\/div>\n\t\t<div class=\"ywcps-nav\">\n\t\t\t<div id=\"nav_prev_def_59520\" class=\"ywcps-nav-prev\"><span id=\"default_prev\"><\/span><\/div>\n\t\t\t<div id=\"nav_next_def_59520\" class=\"ywcps-nav-next\"><span id=\"default_next\"><\/span><\/div>\n\t\t<\/div>\n\t<\/div>\n\t<div class=\"es-carousel-clear\"><\/div>\n<\/div>\n\t\n","protected":false},"excerpt":{"rendered":"<p>Soluciones pr\u00e1cticas de refrigeraci\u00f3n para hogares sin aire acondicionado instalado Durante el verano, muchos hogares en Europa se vuelven r\u00e1pidamente inc\u00f3modos. Los dormitorios atrapan el calor durante la noche, los salones se sienten cargados al mediod\u00eda y trabajar desde casa se vuelve cada vez m\u00e1s dif\u00edcil. Esto es especialmente com\u00fan en apartamentos, edificios antiguos o [&hellip;]<\/p>\n","protected":false},"author":71,"featured_media":32865,"comment_status":"closed","ping_status":"closed","sticky":false,"template":"","format":"standard","meta":{"_acf_changed":false,"_eb_attr":"","footnotes":""},"categories":[7709],"tags":[],"class_list":["post-56008","post","type-post","status-publish","format-standard","has-post-thumbnail","hentry","category-blog"],"acf":[],"yoast_head":"<!-- This site is optimized with the Yoast SEO plugin v27.4 - https:\/\/yoast.com\/product\/yoast-seo-wordpress\/ -->\n<title>C\u00f3mo mantener una habitaci\u00f3n fresca sin Aire Acondicionado - Toyotomi<\/title>\n<meta name=\"robots\" content=\"index, follow, max-snippet:-1, max-image-preview:large, max-video-preview:-1\" \/>\n<link rel=\"canonical\" href=\"https:\/\/www.toyotomi.eu\/es\/blog\/por-que-elegir-aire-acondicionado-portatil\/\" \/>\n<meta property=\"og:locale\" content=\"es_ES\" \/>\n<meta property=\"og:type\" content=\"article\" \/>\n<meta property=\"og:title\" content=\"C\u00f3mo mantener una habitaci\u00f3n fresca sin Aire Acondicionado - Toyotomi\" \/>\n<meta property=\"og:description\" content=\"Soluciones pr\u00e1cticas de refrigeraci\u00f3n para hogares sin aire acondicionado instalado Durante el verano, muchos hogares en Europa se vuelven r\u00e1pidamente inc\u00f3modos. Los dormitorios atrapan el calor durante la noche, los salones se sienten cargados al mediod\u00eda y trabajar desde casa se vuelve cada vez m\u00e1s dif\u00edcil. Esto es especialmente com\u00fan en apartamentos, edificios antiguos o [&hellip;]\" \/>\n<meta property=\"og:url\" content=\"https:\/\/www.toyotomi.eu\/es\/blog\/por-que-elegir-aire-acondicionado-portatil\/\" \/>\n<meta property=\"og:site_name\" content=\"Toyotomi\" \/>\n<meta property=\"article:published_time\" content=\"2025-08-22T00:05:08+00:00\" \/>\n<meta property=\"article:modified_time\" content=\"2026-01-22T02:25:21+00:00\" \/>\n<meta property=\"og:image\" content=\"https:\/\/www.toyotomi.eu\/wp-content\/uploads\/2025\/09\/Portable-air-conditioners-toyotomi-europe.jpg\" \/>\n\t<meta property=\"og:image:width\" content=\"1920\" \/>\n\t<meta property=\"og:image:height\" content=\"1280\" \/>\n\t<meta property=\"og:image:type\" content=\"image\/jpeg\" \/>\n<meta name=\"author\" content=\"Jorg Brinkman\" \/>\n<meta name=\"twitter:card\" content=\"summary_large_image\" \/>\n<meta name=\"twitter:label1\" content=\"Escrito por\" \/>\n\t<meta name=\"twitter:data1\" content=\"Jorg Brinkman\" \/>\n\t<meta name=\"twitter:label2\" content=\"Tiempo de lectura\" \/>\n\t<meta name=\"twitter:data2\" content=\"5 minuto\" \/>\n<script type=\"application\/ld+json\" class=\"yoast-schema-graph\">{\"@context\":\"https:\\\/\\\/schema.org\",\"@graph\":[{\"@type\":\"Article\",\"@id\":\"https:\\\/\\\/www.toyotomi.eu\\\/es\\\/blog\\\/por-que-elegir-aire-acondicionado-portatil\\\/#article\",\"isPartOf\":{\"@id\":\"https:\\\/\\\/www.toyotomi.eu\\\/es\\\/blog\\\/por-que-elegir-aire-acondicionado-portatil\\\/\"},\"author\":{\"name\":\"Jorg Brinkman\",\"@id\":\"https:\\\/\\\/www.toyotomi.eu\\\/es\\\/#\\\/schema\\\/person\\\/1f5f9541d8cb43bd4c58afbee657120e\"},\"headline\":\"C\u00f3mo mantener una habitaci\u00f3n fresca sin Aire Acondicionado\",\"datePublished\":\"2025-08-22T00:05:08+00:00\",\"dateModified\":\"2026-01-22T02:25:21+00:00\",\"mainEntityOfPage\":{\"@id\":\"https:\\\/\\\/www.toyotomi.eu\\\/es\\\/blog\\\/por-que-elegir-aire-acondicionado-portatil\\\/\"},\"wordCount\":1034,\"publisher\":{\"@id\":\"https:\\\/\\\/www.toyotomi.eu\\\/es\\\/#organization\"},\"image\":{\"@id\":\"https:\\\/\\\/www.toyotomi.eu\\\/es\\\/blog\\\/por-que-elegir-aire-acondicionado-portatil\\\/#primaryimage\"},\"thumbnailUrl\":\"https:\\\/\\\/www.toyotomi.eu\\\/wp-content\\\/uploads\\\/2025\\\/09\\\/Portable-air-conditioners-toyotomi-europe.jpg\",\"articleSection\":[\"Blog\"],\"inLanguage\":\"es\"},{\"@type\":\"WebPage\",\"@id\":\"https:\\\/\\\/www.toyotomi.eu\\\/es\\\/blog\\\/por-que-elegir-aire-acondicionado-portatil\\\/\",\"url\":\"https:\\\/\\\/www.toyotomi.eu\\\/es\\\/blog\\\/por-que-elegir-aire-acondicionado-portatil\\\/\",\"name\":\"C\u00f3mo mantener una habitaci\u00f3n fresca sin Aire Acondicionado - Toyotomi\",\"isPartOf\":{\"@id\":\"https:\\\/\\\/www.toyotomi.eu\\\/es\\\/#website\"},\"primaryImageOfPage\":{\"@id\":\"https:\\\/\\\/www.toyotomi.eu\\\/es\\\/blog\\\/por-que-elegir-aire-acondicionado-portatil\\\/#primaryimage\"},\"image\":{\"@id\":\"https:\\\/\\\/www.toyotomi.eu\\\/es\\\/blog\\\/por-que-elegir-aire-acondicionado-portatil\\\/#primaryimage\"},\"thumbnailUrl\":\"https:\\\/\\\/www.toyotomi.eu\\\/wp-content\\\/uploads\\\/2025\\\/09\\\/Portable-air-conditioners-toyotomi-europe.jpg\",\"datePublished\":\"2025-08-22T00:05:08+00:00\",\"dateModified\":\"2026-01-22T02:25:21+00:00\",\"breadcrumb\":{\"@id\":\"https:\\\/\\\/www.toyotomi.eu\\\/es\\\/blog\\\/por-que-elegir-aire-acondicionado-portatil\\\/#breadcrumb\"},\"inLanguage\":\"es\",\"potentialAction\":[{\"@type\":\"ReadAction\",\"target\":[\"https:\\\/\\\/www.toyotomi.eu\\\/es\\\/blog\\\/por-que-elegir-aire-acondicionado-portatil\\\/\"]}]},{\"@type\":\"ImageObject\",\"inLanguage\":\"es\",\"@id\":\"https:\\\/\\\/www.toyotomi.eu\\\/es\\\/blog\\\/por-que-elegir-aire-acondicionado-portatil\\\/#primaryimage\",\"url\":\"https:\\\/\\\/www.toyotomi.eu\\\/wp-content\\\/uploads\\\/2025\\\/09\\\/Portable-air-conditioners-toyotomi-europe.jpg\",\"contentUrl\":\"https:\\\/\\\/www.toyotomi.eu\\\/wp-content\\\/uploads\\\/2025\\\/09\\\/Portable-air-conditioners-toyotomi-europe.jpg\",\"width\":1920,\"height\":1280},{\"@type\":\"BreadcrumbList\",\"@id\":\"https:\\\/\\\/www.toyotomi.eu\\\/es\\\/blog\\\/por-que-elegir-aire-acondicionado-portatil\\\/#breadcrumb\",\"itemListElement\":[{\"@type\":\"ListItem\",\"position\":1,\"name\":\"Inicio\",\"item\":\"https:\\\/\\\/www.toyotomi.eu\\\/es\\\/\"},{\"@type\":\"ListItem\",\"position\":2,\"name\":\"C\u00f3mo mantener una habitaci\u00f3n fresca sin Aire Acondicionado\"}]},{\"@type\":\"WebSite\",\"@id\":\"https:\\\/\\\/www.toyotomi.eu\\\/es\\\/#website\",\"url\":\"https:\\\/\\\/www.toyotomi.eu\\\/es\\\/\",\"name\":\"Toyotomi\",\"description\":\"\",\"publisher\":{\"@id\":\"https:\\\/\\\/www.toyotomi.eu\\\/es\\\/#organization\"},\"potentialAction\":[{\"@type\":\"SearchAction\",\"target\":{\"@type\":\"EntryPoint\",\"urlTemplate\":\"https:\\\/\\\/www.toyotomi.eu\\\/es\\\/?s={search_term_string}\"},\"query-input\":{\"@type\":\"PropertyValueSpecification\",\"valueRequired\":true,\"valueName\":\"search_term_string\"}}],\"inLanguage\":\"es\"},{\"@type\":\"Organization\",\"@id\":\"https:\\\/\\\/www.toyotomi.eu\\\/es\\\/#organization\",\"name\":\"Toyotomi Europe Sales B.V.\",\"alternateName\":\"Toyotomi\",\"url\":\"https:\\\/\\\/www.toyotomi.eu\\\/es\\\/\",\"logo\":{\"@type\":\"ImageObject\",\"inLanguage\":\"es\",\"@id\":\"https:\\\/\\\/www.toyotomi.eu\\\/es\\\/#\\\/schema\\\/logo\\\/image\\\/\",\"url\":\"https:\\\/\\\/www.toyotomi.eu\\\/wp-content\\\/uploads\\\/2025\\\/10\\\/logo.png\",\"contentUrl\":\"https:\\\/\\\/www.toyotomi.eu\\\/wp-content\\\/uploads\\\/2025\\\/10\\\/logo.png\",\"width\":1360,\"height\":304,\"caption\":\"Toyotomi Europe Sales B.V.\"},\"image\":{\"@id\":\"https:\\\/\\\/www.toyotomi.eu\\\/es\\\/#\\\/schema\\\/logo\\\/image\\\/\"}},{\"@type\":\"Person\",\"@id\":\"https:\\\/\\\/www.toyotomi.eu\\\/es\\\/#\\\/schema\\\/person\\\/1f5f9541d8cb43bd4c58afbee657120e\",\"name\":\"Jorg Brinkman\"}]}<\/script>\n<!-- \/ Yoast SEO plugin. -->","yoast_head_json":{"title":"C\u00f3mo mantener una habitaci\u00f3n fresca sin Aire Acondicionado - Toyotomi","robots":{"index":"index","follow":"follow","max-snippet":"max-snippet:-1","max-image-preview":"max-image-preview:large","max-video-preview":"max-video-preview:-1"},"canonical":"https:\/\/www.toyotomi.eu\/es\/blog\/por-que-elegir-aire-acondicionado-portatil\/","og_locale":"es_ES","og_type":"article","og_title":"C\u00f3mo mantener una habitaci\u00f3n fresca sin Aire Acondicionado - Toyotomi","og_description":"Soluciones pr\u00e1cticas de refrigeraci\u00f3n para hogares sin aire acondicionado instalado Durante el verano, muchos hogares en Europa se vuelven r\u00e1pidamente inc\u00f3modos. Los dormitorios atrapan el calor durante la noche, los salones se sienten cargados al mediod\u00eda y trabajar desde casa se vuelve cada vez m\u00e1s dif\u00edcil. Esto es especialmente com\u00fan en apartamentos, edificios antiguos o [&hellip;]","og_url":"https:\/\/www.toyotomi.eu\/es\/blog\/por-que-elegir-aire-acondicionado-portatil\/","og_site_name":"Toyotomi","article_published_time":"2025-08-22T00:05:08+00:00","article_modified_time":"2026-01-22T02:25:21+00:00","og_image":[{"width":1920,"height":1280,"url":"https:\/\/www.toyotomi.eu\/wp-content\/uploads\/2025\/09\/Portable-air-conditioners-toyotomi-europe.jpg","type":"image\/jpeg"}],"author":"Jorg Brinkman","twitter_card":"summary_large_image","twitter_misc":{"Escrito por":"Jorg Brinkman","Tiempo de lectura":"5 minuto"},"schema":{"@context":"https:\/\/schema.org","@graph":[{"@type":"Article","@id":"https:\/\/www.toyotomi.eu\/es\/blog\/por-que-elegir-aire-acondicionado-portatil\/#article","isPartOf":{"@id":"https:\/\/www.toyotomi.eu\/es\/blog\/por-que-elegir-aire-acondicionado-portatil\/"},"author":{"name":"Jorg Brinkman","@id":"https:\/\/www.toyotomi.eu\/es\/#\/schema\/person\/1f5f9541d8cb43bd4c58afbee657120e"},"headline":"C\u00f3mo mantener una habitaci\u00f3n fresca sin Aire Acondicionado","datePublished":"2025-08-22T00:05:08+00:00","dateModified":"2026-01-22T02:25:21+00:00","mainEntityOfPage":{"@id":"https:\/\/www.toyotomi.eu\/es\/blog\/por-que-elegir-aire-acondicionado-portatil\/"},"wordCount":1034,"publisher":{"@id":"https:\/\/www.toyotomi.eu\/es\/#organization"},"image":{"@id":"https:\/\/www.toyotomi.eu\/es\/blog\/por-que-elegir-aire-acondicionado-portatil\/#primaryimage"},"thumbnailUrl":"https:\/\/www.toyotomi.eu\/wp-content\/uploads\/2025\/09\/Portable-air-conditioners-toyotomi-europe.jpg","articleSection":["Blog"],"inLanguage":"es"},{"@type":"WebPage","@id":"https:\/\/www.toyotomi.eu\/es\/blog\/por-que-elegir-aire-acondicionado-portatil\/","url":"https:\/\/www.toyotomi.eu\/es\/blog\/por-que-elegir-aire-acondicionado-portatil\/","name":"C\u00f3mo mantener una habitaci\u00f3n fresca sin Aire Acondicionado - Toyotomi","isPartOf":{"@id":"https:\/\/www.toyotomi.eu\/es\/#website"},"primaryImageOfPage":{"@id":"https:\/\/www.toyotomi.eu\/es\/blog\/por-que-elegir-aire-acondicionado-portatil\/#primaryimage"},"image":{"@id":"https:\/\/www.toyotomi.eu\/es\/blog\/por-que-elegir-aire-acondicionado-portatil\/#primaryimage"},"thumbnailUrl":"https:\/\/www.toyotomi.eu\/wp-content\/uploads\/2025\/09\/Portable-air-conditioners-toyotomi-europe.jpg","datePublished":"2025-08-22T00:05:08+00:00","dateModified":"2026-01-22T02:25:21+00:00","breadcrumb":{"@id":"https:\/\/www.toyotomi.eu\/es\/blog\/por-que-elegir-aire-acondicionado-portatil\/#breadcrumb"},"inLanguage":"es","potentialAction":[{"@type":"ReadAction","target":["https:\/\/www.toyotomi.eu\/es\/blog\/por-que-elegir-aire-acondicionado-portatil\/"]}]},{"@type":"ImageObject","inLanguage":"es","@id":"https:\/\/www.toyotomi.eu\/es\/blog\/por-que-elegir-aire-acondicionado-portatil\/#primaryimage","url":"https:\/\/www.toyotomi.eu\/wp-content\/uploads\/2025\/09\/Portable-air-conditioners-toyotomi-europe.jpg","contentUrl":"https:\/\/www.toyotomi.eu\/wp-content\/uploads\/2025\/09\/Portable-air-conditioners-toyotomi-europe.jpg","width":1920,"height":1280},{"@type":"BreadcrumbList","@id":"https:\/\/www.toyotomi.eu\/es\/blog\/por-que-elegir-aire-acondicionado-portatil\/#breadcrumb","itemListElement":[{"@type":"ListItem","position":1,"name":"Inicio","item":"https:\/\/www.toyotomi.eu\/es\/"},{"@type":"ListItem","position":2,"name":"C\u00f3mo mantener una habitaci\u00f3n fresca sin Aire Acondicionado"}]},{"@type":"WebSite","@id":"https:\/\/www.toyotomi.eu\/es\/#website","url":"https:\/\/www.toyotomi.eu\/es\/","name":"Toyotomi","description":"","publisher":{"@id":"https:\/\/www.toyotomi.eu\/es\/#organization"},"potentialAction":[{"@type":"SearchAction","target":{"@type":"EntryPoint","urlTemplate":"https:\/\/www.toyotomi.eu\/es\/?s={search_term_string}"},"query-input":{"@type":"PropertyValueSpecification","valueRequired":true,"valueName":"search_term_string"}}],"inLanguage":"es"},{"@type":"Organization","@id":"https:\/\/www.toyotomi.eu\/es\/#organization","name":"Toyotomi Europe Sales B.V.","alternateName":"Toyotomi","url":"https:\/\/www.toyotomi.eu\/es\/","logo":{"@type":"ImageObject","inLanguage":"es","@id":"https:\/\/www.toyotomi.eu\/es\/#\/schema\/logo\/image\/","url":"https:\/\/www.toyotomi.eu\/wp-content\/uploads\/2025\/10\/logo.png","contentUrl":"https:\/\/www.toyotomi.eu\/wp-content\/uploads\/2025\/10\/logo.png","width":1360,"height":304,"caption":"Toyotomi Europe Sales B.V."},"image":{"@id":"https:\/\/www.toyotomi.eu\/es\/#\/schema\/logo\/image\/"}},{"@type":"Person","@id":"https:\/\/www.toyotomi.eu\/es\/#\/schema\/person\/1f5f9541d8cb43bd4c58afbee657120e","name":"Jorg Brinkman"}]}},"_links":{"self":[{"href":"https:\/\/www.toyotomi.eu\/es\/wp-json\/wp\/v2\/posts\/56008","targetHints":{"allow":["GET"]}}],"collection":[{"href":"https:\/\/www.toyotomi.eu\/es\/wp-json\/wp\/v2\/posts"}],"about":[{"href":"https:\/\/www.toyotomi.eu\/es\/wp-json\/wp\/v2\/types\/post"}],"author":[{"embeddable":true,"href":"https:\/\/www.toyotomi.eu\/es\/wp-json\/wp\/v2\/users\/71"}],"replies":[{"embeddable":true,"href":"https:\/\/www.toyotomi.eu\/es\/wp-json\/wp\/v2\/comments?post=56008"}],"version-history":[{"count":4,"href":"https:\/\/www.toyotomi.eu\/es\/wp-json\/wp\/v2\/posts\/56008\/revisions"}],"predecessor-version":[{"id":59530,"href":"https:\/\/www.toyotomi.eu\/es\/wp-json\/wp\/v2\/posts\/56008\/revisions\/59530"}],"wp:featuredmedia":[{"embeddable":true,"href":"https:\/\/www.toyotomi.eu\/es\/wp-json\/wp\/v2\/media\/32865"}],"wp:attachment":[{"href":"https:\/\/www.toyotomi.eu\/es\/wp-json\/wp\/v2\/media?parent=56008"}],"wp:term":[{"taxonomy":"category","embeddable":true,"href":"https:\/\/www.toyotomi.eu\/es\/wp-json\/wp\/v2\/categories?post=56008"},{"taxonomy":"post_tag","embeddable":true,"href":"https:\/\/www.toyotomi.eu\/es\/wp-json\/wp\/v2\/tags?post=56008"}],"curies":[{"name":"wp","href":"https:\/\/api.w.org\/{rel}","templated":true}]}}